{"id":4787,"date":"2024-09-06T14:35:05","date_gmt":"2024-09-06T17:35:05","guid":{"rendered":"https:\/\/sinpes.org.br\/site\/?p=4787"},"modified":"2024-09-06T14:35:05","modified_gmt":"2024-09-06T17:35:05","slug":"professores-e-professoras-elegem-nova-diretoria-do-sinpes","status":"publish","type":"post","link":"https:\/\/sinpes.org.br\/site\/professores-e-professoras-elegem-nova-diretoria-do-sinpes\/","title":{"rendered":"Professores e professoras elegem nova diretoria do SINPES"},"content":{"rendered":"<p><strong>06\/09\/2024<\/strong><\/p>\n<p>Entre os dias 26 e 30 de agosto, o Sindicato dos Professores do Ensino Superior de Curitiba e Regi\u00e3o Metropolitana \u2013 SINPES realizou as elei\u00e7\u00f5es que definiram a diretoria que ficar\u00e1 \u00e0 frente do sindicato no pr\u00f3ximo tri\u00eanio.<\/p>\n<p>Foram colhidos votos atrav\u00e9s de urna fixa, que permaneceu na sede do sindicato e tamb\u00e9m de urnas volantes, que circularam nas principais institui\u00e7\u00f5es de ensino superior de Curitiba e Regi\u00e3o Metropolitana nos hor\u00e1rios de aulas e de intervalos entre as aulas. Puderam votar professores e professoras filiados ao Sinpes h\u00e1 mais de seis meses, conforme determina\u00e7\u00e3o legal.<\/p>\n<p>Foi eleita a chapa <strong>Experi\u00eancia, Uni\u00e3o e Mobiliza\u00e7\u00e3o, <\/strong>com percentual de 98% dos votos v\u00e1lidos. A chapa \u00e9 composta por:<\/p>\n<p><strong>CONSELHO ADMINISTRATIVO<\/strong><\/p>\n<p><strong>VALDYR ARNALDO LESSNAU PERRINI<\/strong> \u2013 Presidente \u2013 Professor aposentado e licenciado da Faculdade de Direito de Curitiba<\/p>\n<p><strong>DARLI DE F\u00c1TIMA SAMPAIO<\/strong> \u2013 Vice-Presidente \u2013 Professora da PUCPR<\/p>\n<p><strong>CLAUDIO HENRIQUE DE CASTRO<\/strong> \u2013 Secret\u00e1rio-Geral \u2013 Professor da Universidade Tuiuti<\/p>\n<p><strong>CEZAR BUENO DE LIMA<\/strong> \u2013 Primeiro Secret\u00e1rio \u2013 Professor da PUCPR<\/p>\n<p><strong>BERNARDO KESTRING<\/strong> \u2013 Tesoureiro \u2013 Professor do Unibrasil<\/p>\n<p><strong>REGINA FERNANDES REINERT<\/strong> \u2013 Primeira Tesoureira \u2013 Professora da Uninter<\/p>\n<p><strong>CARLOS MAGNO ESTEVES VASCONCELLOS<\/strong> \u2013 Diretor de Negocia\u00e7\u00f5es Coletivas \u2013 Professor do Unicuritiba<\/p>\n<p><strong>LEDO PAULO GUIMAR\u00c3ES SANTOS<\/strong> \u2013 Primeiro Suplente da Diretoria \u2013 Professor da Positivo<\/p>\n<p><strong>ANTONIO DJALMA BRAGA JUNIOR<\/strong> \u2013 Segundo Suplente da Diretoria \u2013 Professor da FASBAM e das Faculdades Vicentinas<\/p>\n<p><strong>PAULA TALITA COZERO<\/strong> \u2013 Terceira Suplente Da Diretoria \u2013 Professora do Unibrasil<\/p>\n<p><strong>ROSA LYDIA TEIXEIRA CORREA<\/strong> \u2013 Quarta Suplente Da Diretoria \u2013 Professora da PUCPR<\/p>\n<p><strong>FERNANDA BIAZZETO VILAR FABRICIO<\/strong> \u2013 Quinta Suplente Da Diretoria \u2013 Professora da PUCPR<\/p>\n<p><strong>DANIEL PALA ABECHE<\/strong>&#8211; Sexto Suplente Da Diretoria \u2013 Professor da PUCPR<\/p>\n<p><strong>DEAN F\u00c1BIO BUENO DE ALMEIDA<\/strong> \u2013 S\u00e9timo Suplente Da Diretoria \u2013 Professor da PUCPR<\/p>\n<p><strong>CONSELHO FISCAL<\/strong><\/p>\n<p><strong>LUIZ CARLOS BALCEWICZ<\/strong> \u2013 Primeiro Titular Do Conselho Fiscal \u2013 Professor aposentado<\/p>\n<p><strong>WAGNER ROCHA D ANGELIS<\/strong> \u2013 Segundo Titular Do Conselho Fiscal \u2013 Professor aposentado<\/p>\n<p><strong>LUIZ RENATO SKROCH ANDRETTA<\/strong> \u2013 Terceiro Titular Do Conselho Fiscal \u2013 Professor aposentado<\/p>\n<p><strong>ROBERTO EURICO SCHMIDT JUNIOR<\/strong> \u2013 Primeiro Suplente Do Conselho Fiscal \u2013 Professor aposentado<\/p>\n<p><strong>VITORIO SOROTIUK<\/strong> \u2013 Segundo Suplente Do Conselho Fiscal \u2013 Professor aposentado<\/p>\n<p><strong>ILDA LOPES WITIUK<\/strong> \u2013 Terceira Suplente Do Conselho Fiscal \u2013 Professora aposentada<\/p>\n<p><strong>Entre os compromissos assumidos pelos dirigentes eleitos encontram-se:<\/strong><\/p>\n<p>&#8211; Melhores condi\u00e7\u00f5es de trabalho e luta contra a precariza\u00e7\u00e3o da doc\u00eancia<\/p>\n<p>&#8211; Pela liberdade de C\u00e1tedra e autonomia docente<\/p>\n<p>&#8211; Contra a Pejotiza\u00e7\u00e3o<\/p>\n<p>&#8211; Pela retomada do prazer da doc\u00eancia vocacionada<\/p>\n<p>&#8211; Por planos de cargos e sal\u00e1rios que ampliem os direitos dos professores e professoras<\/p>\n<p>&#8211; Pela agiliza\u00e7\u00e3o da interven\u00e7\u00e3o do sindicato para coibir irregularidades nas IES<\/p>\n<p>&#8211; Por mais a\u00e7\u00f5es judiciais coletivas na defesa dos direitos e do patrim\u00f4nio de professores e professoras<\/p>\n<p>&#8211; Contra a diminui\u00e7\u00e3o e a supress\u00e3o de direitos hist\u00f3ricos de professores e professoras<\/p>\n<p>&#8211; Por valoriza\u00e7\u00e3o salarial e tratamento digno<\/p>\n<p>&#8211; Por medidas preventivas contra adoecimento docente<\/p>\n<p>&#8211; Contra dispensas arbitr\u00e1rias e abusivas<\/p>\n<p>&#8211; Pela participa\u00e7\u00e3o nos lucros das IES e pela co-gest\u00e3o<\/p>\n<p>&#8211; Por uma linha direta entre professores, professoras e sindicato<\/p>\n<!-- AddThis Advanced Settings generic via filter on the_content --><!-- AddThis Share Buttons generic via filter on the_content -->","protected":false},"excerpt":{"rendered":"<p>06\/09\/2024 Entre os dias 26 e 30 de agosto, o Sindicato dos Professores do Ensino Superior de Curitiba e Regi\u00e3o Metropolitana \u2013 SINPES realizou as elei\u00e7\u00f5es que definiram a diretoria que ficar\u00e1 \u00e0 frente do sindicato no pr\u00f3ximo tri\u00eanio. Foram colhidos votos atrav\u00e9s de urna fixa, que permaneceu na sede do sindicato e tamb\u00e9m de [&hellip;]<!-- AddThis Advanced Settings generic via filter on wp_trim_excerpt --><!-- AddThis Share Buttons generic via filter on wp_trim_excerpt --><\/p>\n","protected":false},"author":3,"featured_media":0,"comment_status":"closed","ping_status":"open","sticky":false,"template":"","format":"standard","meta":{"footnotes":""},"categories":[7,18,998],"tags":[320,999,754,838,404,62],"class_list":["post-4787","post","type-post","status-publish","format-standard","hentry","category-arquivo-de-noticias","category-destaque","category-noticias-gerais","tag-diretoria","tag-eleicoes-sindicato","tag-eleicoes-sinpes","tag-nova-diretoria","tag-sindicato","tag-sinpes"],"_links":{"self":[{"href":"https:\/\/sinpes.org.br\/site\/wp-json\/wp\/v2\/posts\/4787","targetHints":{"allow":["GET"]}}],"collection":[{"href":"https:\/\/sinpes.org.br\/site\/wp-json\/wp\/v2\/posts"}],"about":[{"href":"https:\/\/sinpes.org.br\/site\/wp-json\/wp\/v2\/types\/post"}],"author":[{"embeddable":true,"href":"https:\/\/sinpes.org.br\/site\/wp-json\/wp\/v2\/users\/3"}],"replies":[{"embeddable":true,"href":"https:\/\/sinpes.org.br\/site\/wp-json\/wp\/v2\/comments?post=4787"}],"version-history":[{"count":1,"href":"https:\/\/sinpes.org.br\/site\/wp-json\/wp\/v2\/posts\/4787\/revisions"}],"predecessor-version":[{"id":4788,"href":"https:\/\/sinpes.org.br\/site\/wp-json\/wp\/v2\/posts\/4787\/revisions\/4788"}],"wp:attachment":[{"href":"https:\/\/sinpes.org.br\/site\/wp-json\/wp\/v2\/media?parent=4787"}],"wp:term":[{"taxonomy":"category","embeddable":true,"href":"https:\/\/sinpes.org.br\/site\/wp-json\/wp\/v2\/categories?post=4787"},{"taxonomy":"post_tag","embeddable":true,"href":"https:\/\/sinpes.org.br\/site\/wp-json\/wp\/v2\/tags?post=4787"}],"curies":[{"name":"wp","href":"https:\/\/api.w.org\/{rel}","templated":true}]}}