{"id":4768,"date":"2024-08-22T09:30:00","date_gmt":"2024-08-22T12:30:00","guid":{"rendered":"https:\/\/sinpes.org.br\/site\/?p=4768"},"modified":"2024-08-26T16:26:58","modified_gmt":"2024-08-26T19:26:58","slug":"eleicoes-do-sindicato-dos-professores-do-ensino-superior-de-curitiba-e-regiao-metropolitana-sinpes-2024","status":"publish","type":"post","link":"https:\/\/sinpes.org.br\/site\/eleicoes-do-sindicato-dos-professores-do-ensino-superior-de-curitiba-e-regiao-metropolitana-sinpes-2024\/","title":{"rendered":"Elei\u00e7\u00f5es do Sindicato dos Professores do Ensino Superior de Curitiba e Regi\u00e3o Metropolitana \u2013 SINPES 2024"},"content":{"rendered":"<p><strong>22\/08\/2024<\/strong><\/p>\n<p>O Sindicato dos Professores do Ensino Superior de Curitiba e Regi\u00e3o Metropolitana \u2013 SINPES convoca a categoria para participar da elei\u00e7\u00e3o que vai definir a diretoria que ficar\u00e1 \u00e0 frente do sindicato no pr\u00f3ximo bi\u00eanio.<\/p>\n<p>A elei\u00e7\u00e3o acontece entre os dias 26 e 30 de agosto na sede do sindicato que fica na Rua Marechal Deodoro 869, 6\u00ba andar, sala 606 \u2013 Centro, Curitiba, no hor\u00e1rio comercial (exceto entre 12h00min e 13h00min) e em urnas volantes nas principais institui\u00e7\u00f5es de ensino superior de Curitiba e Regi\u00e3o Metropolitana nos hor\u00e1rios de aulas e de intervalos entre as aulas at\u00e9 21h30min.<\/p>\n<p>Podem votar professores e professoras que sejam devidamente filiados ao Sinpes.<\/p>\n<p>Confira abaixo a chapa que concorre \u00e0s elei\u00e7\u00f5es de 2024.<\/p>\n<p><strong>Chapa Experi\u00eancia, Uni\u00e3o e Mobiliza\u00e7\u00e3o<\/strong><\/p>\n<table>\n<tbody>\n<tr>\n<td width=\"491\"><strong>CONSELHO ADMINISTRATIVO<\/strong><\/td>\n<\/tr>\n<tr>\n<td width=\"491\">VALDYR ARNALDO LESSNAU PERRINI &#8211; Presidente<\/td>\n<\/tr>\n<tr>\n<td width=\"491\"><strong>DARLI DE F\u00c1TIMA SAMPAIO &#8211;<\/strong> Vice-Presidente<\/td>\n<\/tr>\n<tr>\n<td width=\"491\">CLAUDIO HENRIQUE DE CASTRO &#8211; Secret\u00e1rio-Geral<\/td>\n<\/tr>\n<tr>\n<td width=\"491\">CEZAR BUENO DE LIMA &#8211; Primeira Secret\u00e1rio<\/td>\n<\/tr>\n<tr>\n<td width=\"491\">BERNARDO KESTRING &#8211; Tesoureiro<\/td>\n<\/tr>\n<tr>\n<td width=\"491\">REGINA FERNANDES REINERT &#8211; Primeira Tesoureira<\/td>\n<\/tr>\n<tr>\n<td width=\"491\"><strong>CARLOS MAGNO ESTEVES VASCONCELLOS\u00a0&#8211; <\/strong>Diretor de Negocia\u00e7\u00f5es Coletivas<\/td>\n<\/tr>\n<tr>\n<td width=\"491\"><strong>LEDO PAULO GUIMAR\u00c3ES SANTOS <\/strong>&#8211; Primeiro Suplente da Diretoria<\/td>\n<\/tr>\n<tr>\n<td width=\"491\">ANTONIO DJALMA BRAGA JUNIOR \u2013 Segundo Suplente da Diretoria<\/td>\n<\/tr>\n<tr>\n<td width=\"491\">PAULA TALITA COZERO &#8211; Terceira Suplente Da Diretoria<\/td>\n<\/tr>\n<tr>\n<td width=\"491\">ROSA LYDIA TEIXEIRA CORREA &#8211; Quarta Suplente Da Diretoria<\/td>\n<\/tr>\n<tr>\n<td width=\"491\">FERNANDA BIAZZETO VILAR FABRICIO &#8211; Quinta Suplente Da Diretoria<\/td>\n<\/tr>\n<tr>\n<td width=\"491\">DANIEL PALA ABECHE- Sexto Suplente Da Diretoria<\/td>\n<\/tr>\n<tr>\n<td width=\"491\">DEAN F\u00c1BIO BUENO DE ALMEIDA &#8211; S\u00e9timo Suplente Da Diretoria<\/td>\n<\/tr>\n<tr>\n<td width=\"491\"><strong>CONSELHO FISCAL<\/strong><\/td>\n<\/tr>\n<tr>\n<td width=\"491\"><strong>LUIZ CARLOS BALCEWICZ\u00a0<\/strong>&#8211; Primeiro Titular Do Conselho Fiscal<\/td>\n<\/tr>\n<tr>\n<td width=\"491\"><strong>WAGNER ROCHA D ANGELIS\u00a0&#8211;<\/strong> Segundo Titular Do Conselho Fiscal<\/td>\n<\/tr>\n<tr>\n<td width=\"491\"><strong>LUIZ RENATO SKROCH ANDRETTA <\/strong>&#8211; Terceiro Titular Do Conselho Fiscal<\/td>\n<\/tr>\n<tr>\n<td width=\"491\"><strong>ROBERTO EURICO SCHMIDT JUNIOR <\/strong>&#8211; Primeiro Suplente Do Conselho Fiscal<\/td>\n<\/tr>\n<tr>\n<td width=\"491\">VITORIO SOROTIUK &#8211; Segundo Suplente Do Conselho Fiscal<\/td>\n<\/tr>\n<tr>\n<td width=\"491\">ILDA LOPES WITIUK &#8211; Terceira Suplente Do Conselho Fiscal<\/td>\n<\/tr>\n<\/tbody>\n<\/table>\n<p>&nbsp;<\/p>\n<!-- AddThis Advanced Settings generic via filter on the_content --><!-- AddThis Share Buttons generic via filter on the_content -->","protected":false},"excerpt":{"rendered":"<p>22\/08\/2024 O Sindicato dos Professores do Ensino Superior de Curitiba e Regi\u00e3o Metropolitana \u2013 SINPES convoca a categoria para participar da elei\u00e7\u00e3o que vai definir a diretoria que ficar\u00e1 \u00e0 frente do sindicato no pr\u00f3ximo bi\u00eanio. A elei\u00e7\u00e3o acontece entre os dias 26 e 30 de agosto na sede do sindicato que fica na Rua [&hellip;]<!-- AddThis Advanced Settings generic via filter on wp_trim_excerpt --><!-- AddThis Share Buttons generic via filter on wp_trim_excerpt --><\/p>\n","protected":false},"author":3,"featured_media":0,"comment_status":"closed","ping_status":"open","sticky":false,"template":"","format":"standard","meta":{"footnotes":""},"categories":[7,18,998],"tags":[203,754,538],"class_list":["post-4768","post","type-post","status-publish","format-standard","hentry","category-arquivo-de-noticias","category-destaque","category-noticias-gerais","tag-eleicoes","tag-eleicoes-sinpes","tag-votacao"],"_links":{"self":[{"href":"https:\/\/sinpes.org.br\/site\/wp-json\/wp\/v2\/posts\/4768","targetHints":{"allow":["GET"]}}],"collection":[{"href":"https:\/\/sinpes.org.br\/site\/wp-json\/wp\/v2\/posts"}],"about":[{"href":"https:\/\/sinpes.org.br\/site\/wp-json\/wp\/v2\/types\/post"}],"author":[{"embeddable":true,"href":"https:\/\/sinpes.org.br\/site\/wp-json\/wp\/v2\/users\/3"}],"replies":[{"embeddable":true,"href":"https:\/\/sinpes.org.br\/site\/wp-json\/wp\/v2\/comments?post=4768"}],"version-history":[{"count":1,"href":"https:\/\/sinpes.org.br\/site\/wp-json\/wp\/v2\/posts\/4768\/revisions"}],"predecessor-version":[{"id":4769,"href":"https:\/\/sinpes.org.br\/site\/wp-json\/wp\/v2\/posts\/4768\/revisions\/4769"}],"wp:attachment":[{"href":"https:\/\/sinpes.org.br\/site\/wp-json\/wp\/v2\/media?parent=4768"}],"wp:term":[{"taxonomy":"category","embeddable":true,"href":"https:\/\/sinpes.org.br\/site\/wp-json\/wp\/v2\/categories?post=4768"},{"taxonomy":"post_tag","embeddable":true,"href":"https:\/\/sinpes.org.br\/site\/wp-json\/wp\/v2\/tags?post=4768"}],"curies":[{"name":"wp","href":"https:\/\/api.w.org\/{rel}","templated":true}]}}