{"id":4764,"date":"2024-08-20T17:23:32","date_gmt":"2024-08-20T20:23:32","guid":{"rendered":"https:\/\/sinpes.org.br\/site\/?p=4764"},"modified":"2024-08-26T16:27:27","modified_gmt":"2024-08-26T19:27:27","slug":"nota-de-pesar-pelo-falecimento-do-professor-orlando-bogo","status":"publish","type":"post","link":"https:\/\/sinpes.org.br\/site\/nota-de-pesar-pelo-falecimento-do-professor-orlando-bogo\/","title":{"rendered":"Nota de pesar pelo falecimento do Professor Orlando Bogo"},"content":{"rendered":"<p><strong>20\/08\/2024<\/strong><\/p>\n<p style=\"text-align: justify;\">O Sindicato dos Professores do Ensino Superior de Curitiba e Regi\u00e3o Metropolitana \u2013 SINPES vem a publico expressar o seu pesar pelo falecimento do professor Orlando Bogo.<\/p>\n<p style=\"text-align: justify;\">Grande lutador em defesa da Educa\u00e7\u00e3o e da doc\u00eancia, foi professor no Col\u00e9gio Estadual Dom Pedro II. Al\u00e9m de ser grande estudioso da L\u00edngua Portuguesa, tinha livros publicados sobre o tema.<\/p>\n<p style=\"text-align: justify;\">Antes de se envolver de corpo e alma na luta em prol da Escola P\u00fablica e de seus professores como presidente do N\u00facleo Sindical de Curitiba e Regi\u00e3o Metropolitana da APP Sindicato entre 1993 e 1999, lecionou por muitos anos na ent\u00e3o Universidade Cat\u00f3lica do Paran\u00e1, onde chegou a ocupar o cargo de Diretor do Centro de Teologia e Ci\u00eancias Humana na d\u00e9cada de 70.<\/p>\n<p style=\"text-align: justify;\">Como professor da PUCPR ocupou a fun\u00e7\u00e3o de Primeiro Secret\u00e1rio de uma das mais combativas diretorias da Associa\u00e7\u00e3o dos Professores da Pontif\u00edcia Universidade Cat\u00f3lica do Paran\u00e1, ent\u00e3o presidida pelo Professor Luiz Alberto Souza Alves, eleita em outubro de 1985.<\/p>\n<p style=\"text-align: justify;\">Sua participa\u00e7\u00e3o na APPUC e na trincheira da defesa dos direitos dos professores do ensino superior privado inspirou a funda\u00e7\u00e3o do SINPES. Bogo e outros professores vision\u00e1rios defendiam a necessidade de se criar uma entidade sindical voltada para a defesa exclusiva dos professores do ensino superior privado, mais sens\u00edvel \u00e0s peculiaridades dessa profiss\u00e3o, o que se concretizou no ano de 1991.<\/p>\n<p style=\"text-align: justify;\">O Sinpes expressa seus mais profundos sentimentos \u00e0 fam\u00edlia enlutada e aos amigos e alunos do Professor Orlando Bogo.<\/p>\n<!-- AddThis Advanced Settings generic via filter on the_content --><!-- AddThis Share Buttons generic via filter on the_content -->","protected":false},"excerpt":{"rendered":"<p>20\/08\/2024 O Sindicato dos Professores do Ensino Superior de Curitiba e Regi\u00e3o Metropolitana \u2013 SINPES vem a publico expressar o seu pesar pelo falecimento do professor Orlando Bogo. Grande lutador em defesa da Educa\u00e7\u00e3o e da doc\u00eancia, foi professor no Col\u00e9gio Estadual Dom Pedro II. Al\u00e9m de ser grande estudioso da L\u00edngua Portuguesa, tinha livros [&hellip;]<!-- AddThis Advanced Settings generic via filter on wp_trim_excerpt --><!-- AddThis Share Buttons generic via filter on wp_trim_excerpt --><\/p>\n","protected":false},"author":2,"featured_media":4765,"comment_status":"closed","ping_status":"open","sticky":false,"template":"","format":"standard","meta":{"footnotes":""},"categories":[7,18,998],"tags":[218],"class_list":["post-4764","post","type-post","status-publish","format-standard","has-post-thumbnail","hentry","category-arquivo-de-noticias","category-destaque","category-noticias-gerais","tag-nota-de-falecimento"],"_links":{"self":[{"href":"https:\/\/sinpes.org.br\/site\/wp-json\/wp\/v2\/posts\/4764","targetHints":{"allow":["GET"]}}],"collection":[{"href":"https:\/\/sinpes.org.br\/site\/wp-json\/wp\/v2\/posts"}],"about":[{"href":"https:\/\/sinpes.org.br\/site\/wp-json\/wp\/v2\/types\/post"}],"author":[{"embeddable":true,"href":"https:\/\/sinpes.org.br\/site\/wp-json\/wp\/v2\/users\/2"}],"replies":[{"embeddable":true,"href":"https:\/\/sinpes.org.br\/site\/wp-json\/wp\/v2\/comments?post=4764"}],"version-history":[{"count":2,"href":"https:\/\/sinpes.org.br\/site\/wp-json\/wp\/v2\/posts\/4764\/revisions"}],"predecessor-version":[{"id":4767,"href":"https:\/\/sinpes.org.br\/site\/wp-json\/wp\/v2\/posts\/4764\/revisions\/4767"}],"wp:featuredmedia":[{"embeddable":true,"href":"https:\/\/sinpes.org.br\/site\/wp-json\/wp\/v2\/media\/4765"}],"wp:attachment":[{"href":"https:\/\/sinpes.org.br\/site\/wp-json\/wp\/v2\/media?parent=4764"}],"wp:term":[{"taxonomy":"category","embeddable":true,"href":"https:\/\/sinpes.org.br\/site\/wp-json\/wp\/v2\/categories?post=4764"},{"taxonomy":"post_tag","embeddable":true,"href":"https:\/\/sinpes.org.br\/site\/wp-json\/wp\/v2\/tags?post=4764"}],"curies":[{"name":"wp","href":"https:\/\/api.w.org\/{rel}","templated":true}]}}