{"id":4725,"date":"2024-06-24T10:47:35","date_gmt":"2024-06-24T13:47:35","guid":{"rendered":"https:\/\/sinpes.org.br\/site\/?p=4725"},"modified":"2024-06-24T10:47:35","modified_gmt":"2024-06-24T13:47:35","slug":"uninter-nao-comparece-a-mesa-redonda-mas-nega-despedida-coletiva","status":"publish","type":"post","link":"https:\/\/sinpes.org.br\/site\/uninter-nao-comparece-a-mesa-redonda-mas-nega-despedida-coletiva\/","title":{"rendered":"UNINTER N\u00c3O COMPARECE \u00c0 MESA REDONDA, MAS NEGA DESPEDIDA COLETIVA"},"content":{"rendered":"<p><strong>24\/06\/2024<\/strong><\/p>\n<p>Na tarde desta quinta-feira (20), o Sinpes compareceu \u00e0 uma mesa redonda na Superintend\u00eancia Regional do Trabalho e Emprego do Paran\u00e1. A media\u00e7\u00e3o foi solicitada pelo sindicato depois de receber den\u00fancias de que o Centro Universit\u00e1rio Internacional \u2013 Uninter &#8211; teria demitido diversos professores no \u00faltimo m\u00eas de maio, conduta n\u00e3o usual em institui\u00e7\u00f5es de ensino superior no curso do semestre letivo.<\/p>\n<p>O Sinpes queria esclarecimentos sobre a quantidade exata de professores na ativa e de demitidos para avaliar se o Uninter teria efetuado despedida coletiva, procedimento que exige negocia\u00e7\u00e3o pr\u00e9via com o sindicato segundo entendimento do Supremo Tribunal Federal.<\/p>\n<p>Nenhum representante do Uninter compareceu \u00e0 mesa redonda.<\/p>\n<p>Causou estranheza a postura hostil e prolixa adotada pela institui\u00e7\u00e3o de ensino superior primeiramente recusando-se a receber a notifica\u00e7\u00e3o do \u00f3rg\u00e3o do Minist\u00e9rio, ao manifestar por meio de seu advogado, H\u00e9lio Gomes Coelho J\u00fanior, sua recusa em comparecer \u00e0 reuni\u00e3o convocada pelo SINPES, limitando-se laconicamente a fornecer os dados solicitados pelo Sinpes atrav\u00e9s de peti\u00e7\u00e3o encaminhada \u00e0 Superintend\u00eancia Regional do Trabalho, nos seguintes termos:<\/p>\n<p><strong>\u201cTendo em estima o assunto encimado, a Uninter Educacional S.A., por seu advogado, comparece para expor e requerer o que se segue:<\/strong><\/p>\n<p><strong>O Sinpes fez pedido de media\u00e7\u00e3o, ao argumento de uma poss\u00edvel despedida coletiva, praticada no primeiro semestre em curso. Fica refutada a insinua\u00e7\u00e3o, de rijo.<\/strong><\/p>\n<p><strong>A uma,<\/strong><\/p>\n<p><strong>De janeiro a maio\/24, o quadro de empregados oscilou de 1558 (jan.) a 1541 (maio). <\/strong><\/p>\n<p><strong>A duas,<\/strong><\/p>\n<p><strong>Em maio\/24, o quadro de empregados tinha 1.541, composto por 481 professores e 1.060 outros cargos.<\/strong><\/p>\n<p><strong>A tr\u00eas, <\/strong><\/p>\n<p><strong>No interregno, de janeiro a maio\/24, exatos seis meses, aconteceram 19 dispensas de professores, por iniciativa da empresa, dentre exatos 156 cursos de gradua\u00e7\u00e3o (presencial ou n\u00e3o) e exatos 400 cursos de p\u00f3s-gradua\u00e7\u00e3o, que totalizam mais de 556 cursos e perto de 10.000 disciplinas. No mesmo per\u00edodo, de outra parte, a empresa contratou 29 professores. <\/strong><\/p>\n<p><strong>A quatro,<\/strong><\/p>\n<p><strong>Os indicadores suso postos, que s\u00e3o alcan\u00e7\u00e1veis em dados p\u00fablicos (e-Social, p. ex.), revelam a regular gest\u00e3o da peticion\u00e1ria de seu neg\u00f3cio, sem a m\u00ednima hip\u00f3tese de demiss\u00e3o em massa. V\u00e1rios cursos t\u00eam oscila\u00e7\u00f5es de participantes e turmas, que determinam \u00e0 empresa adequadas, necess\u00e1rias e pontuais modula\u00e7\u00f5es, ajustes e gerenciamentos de seu neg\u00f3cio.<\/strong><\/p>\n<p><strong>Assim posto, a peticion\u00e1ria, agradecendo o convite formulado, declina na media\u00e7\u00e3o sugerida. <\/strong><\/p>\n<p><strong>Pede o encarte.<\/strong><\/p>\n<p><strong>Curitiba, junho, 18, 2024\u201d.<\/strong><\/p>\n<p>Se verazes as informa\u00e7\u00f5es prestadas, inexistiu efetivamente despedida coletiva no curso do primeiro semestre de 2024.<\/p>\n<p>Quaisquer dados que discrepem dos acima fornecidos dever\u00e3o ser encaminhados por professores da UNINTER ou terceiros interessados, sob sigilo, para o e-mail <a href=\"mailto:sinpes@sinpes.org.br\">sinpes@sinpes.org.br<\/a> e ser\u00e3o averiguados.<\/p>\n<p>C\u00f3pia do e-mail encaminhado pela Uninter:<\/p>\n<p><a href=\"https:\/\/sinpes.org.br\/site\/wp-content\/uploads\/2024\/06\/WhatsApp-Image-2024-06-24-at-10.43.19.jpeg\"><img loading=\"lazy\" decoding=\"async\" class=\"aligncenter wp-image-4726 size-large\" src=\"https:\/\/sinpes.org.br\/site\/wp-content\/uploads\/2024\/06\/WhatsApp-Image-2024-06-24-at-10.43.19-768x1024.jpeg\" alt=\"\" width=\"768\" height=\"1024\" srcset=\"https:\/\/sinpes.org.br\/site\/wp-content\/uploads\/2024\/06\/WhatsApp-Image-2024-06-24-at-10.43.19-768x1024.jpeg 768w, https:\/\/sinpes.org.br\/site\/wp-content\/uploads\/2024\/06\/WhatsApp-Image-2024-06-24-at-10.43.19-225x300.jpeg 225w, https:\/\/sinpes.org.br\/site\/wp-content\/uploads\/2024\/06\/WhatsApp-Image-2024-06-24-at-10.43.19-1152x1536.jpeg 1152w, https:\/\/sinpes.org.br\/site\/wp-content\/uploads\/2024\/06\/WhatsApp-Image-2024-06-24-at-10.43.19.jpeg 1200w\" sizes=\"auto, (max-width: 768px) 100vw, 768px\" \/><\/a><\/p>\n<p><a href=\"https:\/\/sinpes.org.br\/site\/wp-content\/uploads\/2024\/06\/WhatsApp-Image-2024-06-24-at-10.43.20.jpeg\"><img loading=\"lazy\" decoding=\"async\" class=\"aligncenter wp-image-4727 size-large\" src=\"https:\/\/sinpes.org.br\/site\/wp-content\/uploads\/2024\/06\/WhatsApp-Image-2024-06-24-at-10.43.20-768x1024.jpeg\" alt=\"\" width=\"768\" height=\"1024\" srcset=\"https:\/\/sinpes.org.br\/site\/wp-content\/uploads\/2024\/06\/WhatsApp-Image-2024-06-24-at-10.43.20-768x1024.jpeg 768w, https:\/\/sinpes.org.br\/site\/wp-content\/uploads\/2024\/06\/WhatsApp-Image-2024-06-24-at-10.43.20-225x300.jpeg 225w, https:\/\/sinpes.org.br\/site\/wp-content\/uploads\/2024\/06\/WhatsApp-Image-2024-06-24-at-10.43.20-1152x1536.jpeg 1152w, https:\/\/sinpes.org.br\/site\/wp-content\/uploads\/2024\/06\/WhatsApp-Image-2024-06-24-at-10.43.20.jpeg 1200w\" sizes=\"auto, (max-width: 768px) 100vw, 768px\" \/><\/a><\/p>\n<!-- AddThis Advanced Settings generic via filter on the_content --><!-- AddThis Share Buttons generic via filter on the_content -->","protected":false},"excerpt":{"rendered":"<p>24\/06\/2024 Na tarde desta quinta-feira (20), o Sinpes compareceu \u00e0 uma mesa redonda na Superintend\u00eancia Regional do Trabalho e Emprego do Paran\u00e1. A media\u00e7\u00e3o foi solicitada pelo sindicato depois de receber den\u00fancias de que o Centro Universit\u00e1rio Internacional \u2013 Uninter &#8211; teria demitido diversos professores no \u00faltimo m\u00eas de maio, conduta n\u00e3o usual em institui\u00e7\u00f5es [&hellip;]<!-- AddThis Advanced Settings generic via filter on wp_trim_excerpt --><!-- AddThis Share Buttons generic via filter on wp_trim_excerpt --><\/p>\n","protected":false},"author":3,"featured_media":0,"comment_status":"closed","ping_status":"open","sticky":false,"template":"","format":"standard","meta":{"footnotes":""},"categories":[7,18,13],"tags":[366,558,126,519,541,469],"class_list":["post-4725","post","type-post","status-publish","format-standard","hentry","category-arquivo-de-noticias","category-destaque","category-home","tag-demissoes","tag-demissoes-no-uninter","tag-mesa-redonda","tag-mpt","tag-professores-do-uninter","tag-uninter"],"_links":{"self":[{"href":"https:\/\/sinpes.org.br\/site\/wp-json\/wp\/v2\/posts\/4725","targetHints":{"allow":["GET"]}}],"collection":[{"href":"https:\/\/sinpes.org.br\/site\/wp-json\/wp\/v2\/posts"}],"about":[{"href":"https:\/\/sinpes.org.br\/site\/wp-json\/wp\/v2\/types\/post"}],"author":[{"embeddable":true,"href":"https:\/\/sinpes.org.br\/site\/wp-json\/wp\/v2\/users\/3"}],"replies":[{"embeddable":true,"href":"https:\/\/sinpes.org.br\/site\/wp-json\/wp\/v2\/comments?post=4725"}],"version-history":[{"count":1,"href":"https:\/\/sinpes.org.br\/site\/wp-json\/wp\/v2\/posts\/4725\/revisions"}],"predecessor-version":[{"id":4728,"href":"https:\/\/sinpes.org.br\/site\/wp-json\/wp\/v2\/posts\/4725\/revisions\/4728"}],"wp:attachment":[{"href":"https:\/\/sinpes.org.br\/site\/wp-json\/wp\/v2\/media?parent=4725"}],"wp:term":[{"taxonomy":"category","embeddable":true,"href":"https:\/\/sinpes.org.br\/site\/wp-json\/wp\/v2\/categories?post=4725"},{"taxonomy":"post_tag","embeddable":true,"href":"https:\/\/sinpes.org.br\/site\/wp-json\/wp\/v2\/tags?post=4725"}],"curies":[{"name":"wp","href":"https:\/\/api.w.org\/{rel}","templated":true}]}}