{"id":4687,"date":"2024-06-05T10:37:09","date_gmt":"2024-06-05T13:37:09","guid":{"rendered":"https:\/\/sinpes.org.br\/site\/?p=4687"},"modified":"2024-06-05T10:37:09","modified_gmt":"2024-06-05T13:37:09","slug":"denuncias-de-demissoes-no-uninter-em-pleno-semestre-letivo","status":"publish","type":"post","link":"https:\/\/sinpes.org.br\/site\/denuncias-de-demissoes-no-uninter-em-pleno-semestre-letivo\/","title":{"rendered":"Den\u00fancias de demiss\u00f5es no Uninter em pleno semestre letivo"},"content":{"rendered":"<p><strong>05\/06\/2024<\/strong><\/p>\n<p>O Sinpes recebeu den\u00fancia de que o Uninter teria demitido diversos professores no curso do presente semestre letivo.<\/p>\n<p>O sindicato ainda apura a quantidade de demitidos para aferir se a hip\u00f3tese \u00e9 ou n\u00e3o de despedida coletiva de docentes. Para tal, pede que professores que tenham informa\u00e7\u00f5es sobre o tema encaminhem-nas por meio dos e-mails <a href=\"mailto:comunicacao@sinpes.org.br\">comunicacao@sinpes.org.br<\/a> e <a href=\"mailto:sinpes@sinpes.org.br\">sinpes@sinpes.org.br<\/a>. \u00a0O sindicato garante sigilo sobre a identidade dos denunciantes.<\/p>\n<p>O Sinpes lamenta que o Uninter, no m\u00eas de seu anivers\u00e1rio, d\u00ea um presente de grego a seu corpo docente, tripudiando com um rotundo aviso pr\u00e9vio in\u00fameros professores que se empenharam no crescimento e ascens\u00e3o desse grupo educacional.<\/p>\n<p>Enquanto a Orquestra do Uninter participava de espet\u00e1culo em alus\u00e3o ao anivers\u00e1rio do Centro Universit\u00e1rio, no s\u00e1bado 25 de maio, os docentes demitidos amargavam a impossibilidade de conseguir recoloca\u00e7\u00e3o no mercado de trabalho em plena vig\u00eancia do semestre letivo, quando as demais institui\u00e7\u00f5es de ensino superior j\u00e1 se encontram com seus quadros completos.<\/p>\n<p>Situa\u00e7\u00f5es de falta de respeito como essa tem ajudado a vicejar jurisprud\u00eancia no \u00e2mbito do Tribunal Superior do Trabalho que garante indeniza\u00e7\u00e3o ao professor desempregado no curso do contrato de trabalho equivalente aos meses faltantes para complementar o semestre, em face da perda de uma chance.<\/p>\n<p>O Sindicato destaca ainda que convocar\u00e1 o Uninter para uma mesa redonda na Superintend\u00eancia do Minist\u00e9rio do Trabalho para apurar a quantidade e as circunst\u00e2ncias das demiss\u00f5es.<\/p>\n<p>O Sinpes entrou em contato com o Uninter pedindo esclarecimentos sobre as den\u00fancias trazidas neste texto. Por\u00e9m, at\u00e9 a publica\u00e7\u00e3o do mesmo o Uninter n\u00e3o tinha respondido.<\/p>\n<!-- AddThis Advanced Settings generic via filter on the_content --><!-- AddThis Share Buttons generic via filter on the_content -->","protected":false},"excerpt":{"rendered":"<p>05\/06\/2024 O Sinpes recebeu den\u00fancia de que o Uninter teria demitido diversos professores no curso do presente semestre letivo. O sindicato ainda apura a quantidade de demitidos para aferir se a hip\u00f3tese \u00e9 ou n\u00e3o de despedida coletiva de docentes. Para tal, pede que professores que tenham informa\u00e7\u00f5es sobre o tema encaminhem-nas por meio dos [&hellip;]<!-- AddThis Advanced Settings generic via filter on wp_trim_excerpt --><!-- AddThis Share Buttons generic via filter on wp_trim_excerpt --><\/p>\n","protected":false},"author":3,"featured_media":0,"comment_status":"closed","ping_status":"open","sticky":false,"template":"","format":"standard","meta":{"footnotes":""},"categories":[7,18,13],"tags":[249,366,413,126,991,404,469],"class_list":["post-4687","post","type-post","status-publish","format-standard","hentry","category-arquivo-de-noticias","category-destaque","category-home","tag-demissao-coletiva","tag-demissoes","tag-denuncia","tag-mesa-redonda","tag-professores-uninter","tag-sindicato","tag-uninter"],"_links":{"self":[{"href":"https:\/\/sinpes.org.br\/site\/wp-json\/wp\/v2\/posts\/4687","targetHints":{"allow":["GET"]}}],"collection":[{"href":"https:\/\/sinpes.org.br\/site\/wp-json\/wp\/v2\/posts"}],"about":[{"href":"https:\/\/sinpes.org.br\/site\/wp-json\/wp\/v2\/types\/post"}],"author":[{"embeddable":true,"href":"https:\/\/sinpes.org.br\/site\/wp-json\/wp\/v2\/users\/3"}],"replies":[{"embeddable":true,"href":"https:\/\/sinpes.org.br\/site\/wp-json\/wp\/v2\/comments?post=4687"}],"version-history":[{"count":1,"href":"https:\/\/sinpes.org.br\/site\/wp-json\/wp\/v2\/posts\/4687\/revisions"}],"predecessor-version":[{"id":4688,"href":"https:\/\/sinpes.org.br\/site\/wp-json\/wp\/v2\/posts\/4687\/revisions\/4688"}],"wp:attachment":[{"href":"https:\/\/sinpes.org.br\/site\/wp-json\/wp\/v2\/media?parent=4687"}],"wp:term":[{"taxonomy":"category","embeddable":true,"href":"https:\/\/sinpes.org.br\/site\/wp-json\/wp\/v2\/categories?post=4687"},{"taxonomy":"post_tag","embeddable":true,"href":"https:\/\/sinpes.org.br\/site\/wp-json\/wp\/v2\/tags?post=4687"}],"curies":[{"name":"wp","href":"https:\/\/api.w.org\/{rel}","templated":true}]}}