{"id":4682,"date":"2024-06-04T16:24:26","date_gmt":"2024-06-04T19:24:26","guid":{"rendered":"https:\/\/sinpes.org.br\/site\/?p=4682"},"modified":"2024-06-04T17:36:55","modified_gmt":"2024-06-04T20:36:55","slug":"sinpes-apoia-lutas-dos-professores-as-contra-privatizacao-das-escolas-do-parana","status":"publish","type":"post","link":"https:\/\/sinpes.org.br\/site\/sinpes-apoia-lutas-dos-professores-as-contra-privatizacao-das-escolas-do-parana\/","title":{"rendered":"Sinpes apoia lutas dos professores\/as contra privatiza\u00e7\u00e3o das escolas do Paran\u00e1!"},"content":{"rendered":"<p><strong>04\/06\/2024<\/strong><\/p>\n<p>O Sindicato dos Professores do Ensino Superior de Curitiba e Regi\u00e3o Metropolitana \u2013 SINPES vem a p\u00fablico manifestar seu apoio \u00e0 luta dos professores e professoras da rede estadual de educa\u00e7\u00e3o, trabalhadores da educa\u00e7\u00e3o, bem como dos estudantes e das comunidades escolares afetadas, contra a privatiza\u00e7\u00e3o das escolas p\u00fablicas do Paran\u00e1.<\/p>\n<p>A Assembleia Legislativa do Paran\u00e1 aprovou o Projeto de Lei 343\/2024, de iniciativa do governo do estado, que institui o Programa ironicamente denominado \u201cParceiro da Escola\u201d. No primeiro turno foram 39 votos contra 13.<\/p>\n<p>O Sinpes e dezenas de outras entidades sindicais participaram de ato promovido pela APP &#8211; Sindicato que mobilizou 20 mil pessoas somando professores, alunos, pais e apoiadores da luta pela educa\u00e7\u00e3o p\u00fablica.<\/p>\n<div id=\"attachment_4683\" style=\"width: 744px\" class=\"wp-caption aligncenter\"><a href=\"https:\/\/sinpes.org.br\/site\/wp-content\/uploads\/2024\/06\/WhatsApp-Image-2024-06-03-at-19.21.22-3.jpeg\"><img loading=\"lazy\" decoding=\"async\" aria-describedby=\"caption-attachment-4683\" class=\"wp-image-4683 \" src=\"https:\/\/sinpes.org.br\/site\/wp-content\/uploads\/2024\/06\/WhatsApp-Image-2024-06-03-at-19.21.22-3-1024x768.jpeg\" alt=\"\" width=\"734\" height=\"551\" srcset=\"https:\/\/sinpes.org.br\/site\/wp-content\/uploads\/2024\/06\/WhatsApp-Image-2024-06-03-at-19.21.22-3-1024x768.jpeg 1024w, https:\/\/sinpes.org.br\/site\/wp-content\/uploads\/2024\/06\/WhatsApp-Image-2024-06-03-at-19.21.22-3-300x225.jpeg 300w, https:\/\/sinpes.org.br\/site\/wp-content\/uploads\/2024\/06\/WhatsApp-Image-2024-06-03-at-19.21.22-3-768x576.jpeg 768w, https:\/\/sinpes.org.br\/site\/wp-content\/uploads\/2024\/06\/WhatsApp-Image-2024-06-03-at-19.21.22-3-1536x1152.jpeg 1536w, https:\/\/sinpes.org.br\/site\/wp-content\/uploads\/2024\/06\/WhatsApp-Image-2024-06-03-at-19.21.22-3.jpeg 1600w\" sizes=\"auto, (max-width: 734px) 100vw, 734px\" \/><\/a><p id=\"caption-attachment-4683\" class=\"wp-caption-text\">O Sinpes participou do ato que contou com mais de 20 mil pessoas no dia 03\/06. Foto: Sinpes<\/p><\/div>\n<p>De acordo com a proposta aprovada, fica claro que as empresas privadas que administrar\u00e3o as escolas p\u00fablicas do Paran\u00e1 interferir\u00e3o na \u00e1rea pedag\u00f3gica das escolas, ferindo a liberdade de c\u00e1tedra, precarizando ainda mais o ensino e tornando a educa\u00e7\u00e3o p\u00fablica lament\u00e1vel objeto de mercancia.<\/p>\n<p>De quebra, a lei aprovada \u00e9 antidemocr\u00e1tica, pois acaba com o direito dos pais, m\u00e3es e professores votarem para escolher a dire\u00e7\u00e3o dos estabelecimentos que forem transferidos para as empresas. Com isso, os diretores passar\u00e3o a ser indicados diretamente pelo Governador e pelo Secret\u00e1rio da Educa\u00e7\u00e3o, podendo ser removidos do cargo a qualquer momento. Elimina-se assim conquista cristalizada h\u00e1 d\u00e9cadas.<\/p>\n<p>A aprova\u00e7\u00e3o da privatiza\u00e7\u00e3o das escolas p\u00fablicas estaduais por 74,99% dos deputados que participaram do processo bem evidencia a import\u00e2ncia do voto consciente em todos os n\u00edveis. \u00a0O SINPES conclama a todos importante reflex\u00e3o sobre a biografia e os partidos daqueles que votaram a favor e contra o projeto do Governador Ratinho J\u00fanior. E que essa an\u00e1lise oriente a posi\u00e7\u00e3o dos eleitores nas pr\u00f3ximas elei\u00e7\u00f5es.<\/p>\n<p><strong>N\u00e3o \u00e0 privatiza\u00e7\u00e3o das escolas p\u00fablicas!\u00a0 #SinpesAssim <\/strong><\/p>\n<p>&nbsp;<\/p>\n<p><strong>Como votaram os deputados:\u00a0\u00a0\u00a0\u00a0\u00a0\u00a0\u00a0\u00a0\u00a0\u00a0\u00a0\u00a0\u00a0\u00a0\u00a0\u00a0\u00a0\u00a0\u00a0\u00a0\u00a0\u00a0\u00a0\u00a0\u00a0\u00a0\u00a0\u00a0\u00a0\u00a0\u00a0\u00a0\u00a0\u00a0\u00a0\u00a0\u00a0\u00a0\u00a0\u00a0\u00a0\u00a0\u00a0\u00a0\u00a0\u00a0\u00a0\u00a0\u00a0\u00a0\u00a0\u00a0\u00a0\u00a0\u00a0\u00a0\u00a0 <\/strong><\/p>\n<p><strong>Contra a privatiza\u00e7\u00e3o:<\/strong><\/p>\n<p><strong>Ana J\u00falia (PT)<\/strong><\/p>\n<p><strong>\u00a0\u00a0\u00a0 Arilson (PT)<\/strong><\/p>\n<p><strong>\u00a0\u00a0\u00a0 Cristina Silvestri (PSDB)<\/strong><\/p>\n<p><strong>\u00a0\u00a0\u00a0 Dr. Antenor (PT)<\/strong><\/p>\n<p><strong>\u00a0\u00a0\u00a0 Evandro Ara\u00fajo (PSD)<\/strong><\/p>\n<p><strong>\u00a0\u00a0\u00a0 Goura (PDT)<\/strong><\/p>\n<p><strong>\u00a0\u00a0\u00a0 Luciana Rafagnin (PT)<\/strong><\/p>\n<p><strong>\u00a0\u00a0\u00a0 Mabel Canto (PSDB)<\/strong><\/p>\n<p><strong>\u00a0\u00a0\u00a0 Ney Leprevost (Uni\u00e3o)<\/strong><\/p>\n<p><strong>\u00a0\u00a0\u00a0 Professor Lemos (PT)<\/strong><\/p>\n<p><strong>\u00a0\u00a0\u00a0 Renato Freitas (PT)<\/strong><\/p>\n<p><strong>\u00a0\u00a0\u00a0 Requi\u00e3o Filho (PT)<\/strong><\/p>\n<p><strong>\u00a0\u00a0\u00a0 Terc\u00edlio Turini (PSD)<\/strong><\/p>\n<p><strong>A favor da privatiza\u00e7\u00e3o:<\/strong><\/p>\n<p>Ad\u00e3o Fernandes Litro (PSD)<\/p>\n<p>Alexandre Amaro (REPUBLICANOS)<\/p>\n<p>Alexandre Curi (PSD)<\/p>\n<p>Alisson Wandscheer (PROS)<\/p>\n<p>Anibelli Neto (MDB)<\/p>\n<p>Artag\u00e3o J\u00fanior (PSD)<\/p>\n<p>Bazana (PSD)<\/p>\n<p>Batatinha (MDB)<\/p>\n<p>Cantora Mara Lima (REPUBLICANOS)<\/p>\n<p>Cloara Pinheiro (PSD)<\/p>\n<p>Cobra Rep\u00f3rter (PSD)<\/p>\n<p>Delegado Jacov\u00f3s (PL)<\/p>\n<p>Delegado Tito Barichello (UNI\u00c3O BRASIL)<\/p>\n<p>Denian Couto (PODEMOS)<\/p>\n<p>Do Carmo (UNI\u00c3O BRASIL)<\/p>\n<p>Douglas Fabricio (CIDADANIA)<\/p>\n<p>Fabio Oliveira (PODEMOS)<\/p>\n<p>Flavia Francischini (UNI\u00c3O BRASIL)<\/p>\n<p>Gilson De Souza (PL)<\/p>\n<p>Gugu Bueno (PSD)<\/p>\n<p>Hussein Bakri (PSD)<\/p>\n<p>Luis Corti (PSB)<\/p>\n<p>Luiz Fernando Guerra (UNI\u00c3O BRASIL)<\/p>\n<p>Marcel Micheletto (PL)<\/p>\n<p>Marcelo Rangel (PSD)<\/p>\n<p>Marcio Pacheco (REPUBLICANOS)<\/p>\n<p>Maria Victoria (PP)<\/p>\n<p>Marli Paulino (SOLIDARIEDADE)<\/p>\n<p>Matheus Vermelho (PP)<\/p>\n<p>Moacyr Fadel (PSD)<\/p>\n<p>Paulo Gomes Da TV (PP)<\/p>\n<p>Ricardo Arruda (PL)<\/p>\n<p>Romanelli (PSD)<\/p>\n<p>Samuel Dantas (PROS)<\/p>\n<p>Secret\u00e1ria M\u00e1rcia (PSD)<\/p>\n<p>Soldado Adriano Jos\u00e9 (PP)<\/p>\n<p>Thiago B\u00fchrer (UNI\u00c3O BRASIL)<\/p>\n<p>Tiago Amaral (PSD)<\/p>\n<p>Nelson Justus (Uni\u00e3o Brasil)<\/p>\n<p><strong>\u00a0<\/strong><\/p>\n<p>&nbsp;<\/p>\n<p>&nbsp;<\/p>\n<p>&nbsp;<\/p>\n<p>&nbsp;<\/p>\n<p>&nbsp;<\/p>\n<!-- AddThis Advanced Settings generic via filter on the_content --><!-- AddThis Share Buttons generic via filter on the_content -->","protected":false},"excerpt":{"rendered":"<p>04\/06\/2024 O Sindicato dos Professores do Ensino Superior de Curitiba e Regi\u00e3o Metropolitana \u2013 SINPES vem a p\u00fablico manifestar seu apoio \u00e0 luta dos professores e professoras da rede estadual de educa\u00e7\u00e3o, trabalhadores da educa\u00e7\u00e3o, bem como dos estudantes e das comunidades escolares afetadas, contra a privatiza\u00e7\u00e3o das escolas p\u00fablicas do Paran\u00e1. A Assembleia Legislativa [&hellip;]<!-- AddThis Advanced Settings generic via filter on wp_trim_excerpt --><!-- AddThis Share Buttons generic via filter on wp_trim_excerpt --><\/p>\n","protected":false},"author":3,"featured_media":0,"comment_status":"closed","ping_status":"open","sticky":false,"template":"","format":"standard","meta":{"footnotes":""},"categories":[7,18,13],"tags":[565,990,83,408,989,404,62],"class_list":["post-4682","post","type-post","status-publish","format-standard","hentry","category-arquivo-de-noticias","category-destaque","category-home","tag-educacao-publica","tag-governo-estadual","tag-greve","tag-manifestacao","tag-privatizacao-das-escolas-do-parana","tag-sindicato","tag-sinpes"],"_links":{"self":[{"href":"https:\/\/sinpes.org.br\/site\/wp-json\/wp\/v2\/posts\/4682","targetHints":{"allow":["GET"]}}],"collection":[{"href":"https:\/\/sinpes.org.br\/site\/wp-json\/wp\/v2\/posts"}],"about":[{"href":"https:\/\/sinpes.org.br\/site\/wp-json\/wp\/v2\/types\/post"}],"author":[{"embeddable":true,"href":"https:\/\/sinpes.org.br\/site\/wp-json\/wp\/v2\/users\/3"}],"replies":[{"embeddable":true,"href":"https:\/\/sinpes.org.br\/site\/wp-json\/wp\/v2\/comments?post=4682"}],"version-history":[{"count":3,"href":"https:\/\/sinpes.org.br\/site\/wp-json\/wp\/v2\/posts\/4682\/revisions"}],"predecessor-version":[{"id":4686,"href":"https:\/\/sinpes.org.br\/site\/wp-json\/wp\/v2\/posts\/4682\/revisions\/4686"}],"wp:attachment":[{"href":"https:\/\/sinpes.org.br\/site\/wp-json\/wp\/v2\/media?parent=4682"}],"wp:term":[{"taxonomy":"category","embeddable":true,"href":"https:\/\/sinpes.org.br\/site\/wp-json\/wp\/v2\/categories?post=4682"},{"taxonomy":"post_tag","embeddable":true,"href":"https:\/\/sinpes.org.br\/site\/wp-json\/wp\/v2\/tags?post=4682"}],"curies":[{"name":"wp","href":"https:\/\/api.w.org\/{rel}","templated":true}]}}