{"id":4645,"date":"2024-04-24T14:05:49","date_gmt":"2024-04-24T17:05:49","guid":{"rendered":"https:\/\/sinpes.org.br\/site\/?p=4645"},"modified":"2024-04-24T14:05:49","modified_gmt":"2024-04-24T17:05:49","slug":"secretario-geral-do-sinpes-lanca-o-livro-o-tempo-e-o-direito","status":"publish","type":"post","link":"https:\/\/sinpes.org.br\/site\/secretario-geral-do-sinpes-lanca-o-livro-o-tempo-e-o-direito\/","title":{"rendered":"Secret\u00e1rio Geral do Sinpes lan\u00e7a o livro \u201cO tempo e o direito\u201d"},"content":{"rendered":"<p><strong>24\/04\/2024<\/strong><\/p>\n<p><a href=\"https:\/\/sinpes.org.br\/site\/wp-content\/uploads\/2024\/04\/12489f53-7433-4386-b43d-468c1c3a528b.jpg\"><img loading=\"lazy\" decoding=\"async\" class=\"aligncenter  wp-image-4646\" src=\"https:\/\/sinpes.org.br\/site\/wp-content\/uploads\/2024\/04\/12489f53-7433-4386-b43d-468c1c3a528b-1024x1024.jpg\" alt=\"\" width=\"699\" height=\"699\" srcset=\"https:\/\/sinpes.org.br\/site\/wp-content\/uploads\/2024\/04\/12489f53-7433-4386-b43d-468c1c3a528b-1024x1024.jpg 1024w, https:\/\/sinpes.org.br\/site\/wp-content\/uploads\/2024\/04\/12489f53-7433-4386-b43d-468c1c3a528b-300x300.jpg 300w, https:\/\/sinpes.org.br\/site\/wp-content\/uploads\/2024\/04\/12489f53-7433-4386-b43d-468c1c3a528b-150x150.jpg 150w, https:\/\/sinpes.org.br\/site\/wp-content\/uploads\/2024\/04\/12489f53-7433-4386-b43d-468c1c3a528b-768x768.jpg 768w, https:\/\/sinpes.org.br\/site\/wp-content\/uploads\/2024\/04\/12489f53-7433-4386-b43d-468c1c3a528b.jpg 1080w\" sizes=\"auto, (max-width: 699px) 100vw, 699px\" \/><\/a><\/p>\n<p>O advogado Cl\u00e1udio Henrique de Castro, professor da Universidade Tuiuti do Paran\u00e1 e Secret\u00e1rio Geral do Sinpe, lan\u00e7a o livro \u201cO tempo e o direito: reflex\u00f5es a partir do processo civil romano\u201d pela editora \u00cdthala.<\/p>\n<p>O trabalho \u00e9 resultado de pesquisa no p\u00f3s-doutorado do Programa de P\u00f3s-gradua\u00e7\u00e3o de Direito da Universidade Federal de Santa Catarina (UFSC), sob a orienta\u00e7\u00e3o do Professor Dr. Eduardo de Avelar Lamy.<\/p>\n<p>O livro tamb\u00e9m ser\u00e1 lan\u00e7ado em l\u00edngua italiana e a apresenta\u00e7\u00e3o \u00e9 do renomado romanista Sebastiano T\u00e1faro, Professor Honor\u00e1rio da Universidade Italiana.<\/p>\n<p>Segundo o professor Cl\u00e1udio de Castro, \u201co tempo \u00e9 o principal fundamento do processo, mas est\u00e1 sendo negligenciado na atualidade. A Justi\u00e7a tamb\u00e9m deve ser entendida como a organiza\u00e7\u00e3o de processos, e se os processos n\u00e3o t\u00eam fim, algo est\u00e1 errado. O tempo do processo e o tempo da vida devem estar cadenciados, isto \u00e9, um processo n\u00e3o pode durar anos e at\u00e9 d\u00e9cadas, enquanto a vida fenece. As cl\u00e1ssicas li\u00e7\u00f5es do processo civil romano servem de fundamento para o autor desenvolver suas reflex\u00f5es para a celeridade processual e a prontid\u00e3o para as respostas jur\u00eddicas\u201d.<\/p>\n<p>A prop\u00f3sito do tema, cumpre observar que um dos processos mais antigos que ainda tramitam na Justi\u00e7a do Trabalho \u00e9 uma a\u00e7\u00e3o ajuizada pelo Sinpes contra a Associa\u00e7\u00e3o Paranaense de Cultura, voltada para equiparar os sal\u00e1rios dos professores da PUCPR que lecionavam em cursos mantidos em conv\u00eanio com o Teatro Gua\u00edra. Entre os benefici\u00e1rios hoje est\u00e3o herdeiros de professores famosos, tais como Lala Schneider, dentre outros.<\/p>\n<p>Foi ajuizada em 1991, quando a jurisprud\u00eancia acerca da possibilidade de o sindicato figurar como substituto processual (postular direitos sem procura\u00e7\u00e3o) ainda engatinhava nos tribunais trabalhistas, o que retardou em muito a tramita\u00e7\u00e3o. S\u00f3 agora, depois de 33 anos de tramita\u00e7\u00e3o, encontra-se a demanda em sua reta final.<\/p>\n<p>Com certeza o livro do Professor Cl\u00e1udio Henrique de Castro permitir\u00e1 entender as raz\u00f5es hist\u00f3ricas dessa morosidade, assim como perceber como o cidad\u00e3o afligido pela morosidade da Justi\u00e7a pode organizar-se no sentido de colocar fim a esse calv\u00e1rio.<\/p>\n<p><strong>Servi\u00e7o:<\/strong><\/p>\n<p><a href=\"https:\/\/www.ithala.com.br\/produto\/o-tempo-e-o-direito-reflexoes-a-partir-do-processo-civil-romano\/\"><strong>https:\/\/www.ithala.com.br\/produto\/o-tempo-e-o-direito-reflexoes-a-partir-do-processo-civil-romano\/<\/strong><\/a><\/p>\n<p>A obra est\u00e1 dispon\u00edvel no modo digital e na vers\u00e3o impressa.<\/p>\n<p><strong>\u00a0<\/strong><\/p>\n<!-- AddThis Advanced Settings generic via filter on the_content --><!-- AddThis Share Buttons generic via filter on the_content -->","protected":false},"excerpt":{"rendered":"<p>24\/04\/2024 O advogado Cl\u00e1udio Henrique de Castro, professor da Universidade Tuiuti do Paran\u00e1 e Secret\u00e1rio Geral do Sinpe, lan\u00e7a o livro \u201cO tempo e o direito: reflex\u00f5es a partir do processo civil romano\u201d pela editora \u00cdthala. O trabalho \u00e9 resultado de pesquisa no p\u00f3s-doutorado do Programa de P\u00f3s-gradua\u00e7\u00e3o de Direito da Universidade Federal de Santa [&hellip;]<!-- AddThis Advanced Settings generic via filter on wp_trim_excerpt --><!-- AddThis Share Buttons generic via filter on wp_trim_excerpt --><\/p>\n","protected":false},"author":3,"featured_media":0,"comment_status":"closed","ping_status":"open","sticky":false,"template":"","format":"standard","meta":{"footnotes":""},"categories":[7,18,13],"tags":[721,720,320,384,385,62],"class_list":["post-4645","post","type-post","status-publish","format-standard","hentry","category-arquivo-de-noticias","category-destaque","category-home","tag-claudio-henrique-de-castro","tag-direito","tag-diretoria","tag-lancamento","tag-livro","tag-sinpes"],"_links":{"self":[{"href":"https:\/\/sinpes.org.br\/site\/wp-json\/wp\/v2\/posts\/4645","targetHints":{"allow":["GET"]}}],"collection":[{"href":"https:\/\/sinpes.org.br\/site\/wp-json\/wp\/v2\/posts"}],"about":[{"href":"https:\/\/sinpes.org.br\/site\/wp-json\/wp\/v2\/types\/post"}],"author":[{"embeddable":true,"href":"https:\/\/sinpes.org.br\/site\/wp-json\/wp\/v2\/users\/3"}],"replies":[{"embeddable":true,"href":"https:\/\/sinpes.org.br\/site\/wp-json\/wp\/v2\/comments?post=4645"}],"version-history":[{"count":1,"href":"https:\/\/sinpes.org.br\/site\/wp-json\/wp\/v2\/posts\/4645\/revisions"}],"predecessor-version":[{"id":4647,"href":"https:\/\/sinpes.org.br\/site\/wp-json\/wp\/v2\/posts\/4645\/revisions\/4647"}],"wp:attachment":[{"href":"https:\/\/sinpes.org.br\/site\/wp-json\/wp\/v2\/media?parent=4645"}],"wp:term":[{"taxonomy":"category","embeddable":true,"href":"https:\/\/sinpes.org.br\/site\/wp-json\/wp\/v2\/categories?post=4645"},{"taxonomy":"post_tag","embeddable":true,"href":"https:\/\/sinpes.org.br\/site\/wp-json\/wp\/v2\/tags?post=4645"}],"curies":[{"name":"wp","href":"https:\/\/api.w.org\/{rel}","templated":true}]}}