{"id":4613,"date":"2024-04-15T13:47:19","date_gmt":"2024-04-15T16:47:19","guid":{"rendered":"https:\/\/sinpes.org.br\/site\/?p=4613"},"modified":"2024-04-15T13:47:19","modified_gmt":"2024-04-15T16:47:19","slug":"unifacear-acusado-de-nao-praticar-reajustes-salariais-determinados-pelas-ccts","status":"publish","type":"post","link":"https:\/\/sinpes.org.br\/site\/unifacear-acusado-de-nao-praticar-reajustes-salariais-determinados-pelas-ccts\/","title":{"rendered":"Unifacear acusado de n\u00e3o praticar reajustes salariais determinados pelas CCTs"},"content":{"rendered":"<p><strong>15\/04\/2024<\/strong><\/p>\n<p>O Sinpes recebeu den\u00fancia de que o \u00faltimo reajuste convencional praticado pelo Unifacear decorreu do estabelecido pela CCT 2021\/2023. A aus\u00eancia de incid\u00eancia dos reajustes posteriores estaria ensejando recebimento de valor hora-aula inferior at\u00e9 mesmo ao piso salarial da categoria, fixado para a gradua\u00e7\u00e3o em R$ 44,40 por hora aula a partir de mar\u00e7o de 2024 (j\u00e1 considerada a hora-atividade e o repouso semanal remunerado).<\/p>\n<p>O Sindicato pretende tomar as provid\u00eancias necess\u00e1rias para que o Unifacear observe os reajustes convencionais, respeite o piso salarial da categoria e pague as diferen\u00e7as devidas.<\/p>\n<p>Para isso, solicita que os interessados encaminhem para o Sindicato pelo e-mail <a href=\"mailto:sinpes@sinpes.org.br\">sinpes@sinpes.org.br<\/a> holerites dos professores a partir de fevereiro de 2020 para checagem e confer\u00eancia dos valores pagos. Aqueles docentes que ainda tiverem v\u00ednculo de emprego com o Unifacear t\u00eam a garantia de que n\u00e3o ter\u00e3o seus nomes divulgados.<\/p>\n<p><strong><em>O Sinpes entrou em contato com a Assessoria de Imprensa do Unifacear pedindo uma nota sobre as den\u00fancias apontadas pelo texto. Por\u00e9m, at\u00e9 a publica\u00e7\u00e3o do mesmo a institui\u00e7\u00e3o n\u00e3o tinha se pronunciado. <\/em><\/strong><\/p>\n<!-- AddThis Advanced Settings generic via filter on the_content --><!-- AddThis Share Buttons generic via filter on the_content -->","protected":false},"excerpt":{"rendered":"<p>15\/04\/2024 O Sinpes recebeu den\u00fancia de que o \u00faltimo reajuste convencional praticado pelo Unifacear decorreu do estabelecido pela CCT 2021\/2023. A aus\u00eancia de incid\u00eancia dos reajustes posteriores estaria ensejando recebimento de valor hora-aula inferior at\u00e9 mesmo ao piso salarial da categoria, fixado para a gradua\u00e7\u00e3o em R$ 44,40 por hora aula a partir de mar\u00e7o [&hellip;]<!-- AddThis Advanced Settings generic via filter on wp_trim_excerpt --><!-- AddThis Share Buttons generic via filter on wp_trim_excerpt --><\/p>\n","protected":false},"author":3,"featured_media":0,"comment_status":"closed","ping_status":"open","sticky":false,"template":"","format":"standard","meta":{"footnotes":""},"categories":[7,18,13],"tags":[314,331,413,281,291,761,867],"class_list":["post-4613","post","type-post","status-publish","format-standard","hentry","category-arquivo-de-noticias","category-destaque","category-home","tag-atraso","tag-cct","tag-denuncia","tag-direitos-dos-professores","tag-facear","tag-reajuste","tag-unifacear"],"_links":{"self":[{"href":"https:\/\/sinpes.org.br\/site\/wp-json\/wp\/v2\/posts\/4613","targetHints":{"allow":["GET"]}}],"collection":[{"href":"https:\/\/sinpes.org.br\/site\/wp-json\/wp\/v2\/posts"}],"about":[{"href":"https:\/\/sinpes.org.br\/site\/wp-json\/wp\/v2\/types\/post"}],"author":[{"embeddable":true,"href":"https:\/\/sinpes.org.br\/site\/wp-json\/wp\/v2\/users\/3"}],"replies":[{"embeddable":true,"href":"https:\/\/sinpes.org.br\/site\/wp-json\/wp\/v2\/comments?post=4613"}],"version-history":[{"count":1,"href":"https:\/\/sinpes.org.br\/site\/wp-json\/wp\/v2\/posts\/4613\/revisions"}],"predecessor-version":[{"id":4614,"href":"https:\/\/sinpes.org.br\/site\/wp-json\/wp\/v2\/posts\/4613\/revisions\/4614"}],"wp:attachment":[{"href":"https:\/\/sinpes.org.br\/site\/wp-json\/wp\/v2\/media?parent=4613"}],"wp:term":[{"taxonomy":"category","embeddable":true,"href":"https:\/\/sinpes.org.br\/site\/wp-json\/wp\/v2\/categories?post=4613"},{"taxonomy":"post_tag","embeddable":true,"href":"https:\/\/sinpes.org.br\/site\/wp-json\/wp\/v2\/tags?post=4613"}],"curies":[{"name":"wp","href":"https:\/\/api.w.org\/{rel}","templated":true}]}}