{"id":46,"date":"2013-07-12T22:58:23","date_gmt":"2013-07-13T01:58:23","guid":{"rendered":"http:\/\/sinpes.org.br\/site\/?p=46"},"modified":"2015-10-29T16:29:32","modified_gmt":"2015-10-29T18:29:32","slug":"puc-saiba-mais-sobre-as-suas-ferias","status":"publish","type":"post","link":"https:\/\/sinpes.org.br\/site\/puc-saiba-mais-sobre-as-suas-ferias\/","title":{"rendered":"PUC \u2013 saiba mais sobre as suas f\u00e9rias"},"content":{"rendered":"<p style=\"text-align: justify;\">Saiu o resultado da a\u00e7\u00e3o ajuizada pelo SINPES contra a PUC, que tinha como objetivo garantir o cumprimento da promessa de que as aulas, neste ano de 2013, deveriam iniciar em meados de fevereiro, conforme prometido pelo ent\u00e3o Diretor de Recursos Humanos, Carlos Echeverria, em 2012. <span class=\"style7\"><a href=\"http:\/\/sinpes.org.br\/arquivos\/2013\/banner70_sentenca_puc_ferias.pdf\" target=\"_blank\">Clique aqui<\/a><\/span> para ver a decis\u00e3o proferida pela Dra. Fernanda Marcon, Ju\u00edza da 1\u00aa Vara do Trabalho de Curitiba, Paran\u00e1.<\/p>\n<p style=\"text-align: justify;\">A intransig\u00eancia dos atuais respons\u00e1veis pela condu\u00e7\u00e3o das quest\u00f5es trabalhistas e acad\u00eamicas da PUC, que no curso de mais de seis meses em que durou a fase de produ\u00e7\u00e3o de provas n\u00e3o acenaram para nenhuma alternativa de negocia\u00e7\u00e3o, foi coroada com manifesta\u00e7\u00e3o judicial em que todos sa\u00edram perdendo!<\/p>\n<p style=\"text-align: justify;\">Perderam os professores que iniciaram suas aulas no in\u00edcio de fevereiro, ao contr\u00e1rio do que lhes foi prometido e ter\u00e3o que amargar rid\u00edculas f\u00e9rias de julho, com o in\u00edcio das mesmas em 22 de julho!<\/p>\n<p style=\"text-align: justify;\">Perdeu a PUC, pois condenada a pagar todas as horas aulas lecionadas a mais pelos professores desde o primeiro semestre letivo de 2011, praticamente um 14\u00ba sal\u00e1rio para todos a partir de ent\u00e3o e enquanto durar a intransig\u00eancia representada pelo aumento progressivo dos dias letivos.<\/p>\n<p>Em \u201chomenagem\u201d a quase um ano sem negocia\u00e7\u00f5es concretas, o SINPES viu-se obrigado a ajuizar mais duas a\u00e7\u00f5es trabalhistas que beneficiam todos os professores da institui\u00e7\u00e3o de ensino:<\/p>\n<p style=\"text-align: justify;\"><strong>&#8211; reajuste de 11,11% para todas as aulas lecionadas no per\u00edodo matutino e vespertino, j\u00e1 que de fato o sal\u00e1rio praticado pela manh\u00e3 e \u00e0 tarde acaba sendo menor do que \u00e0 noite em face da dura\u00e7\u00e3o menor da hora aula a partir das 19h00min;<\/strong><br \/>\n<strong>&#8211; pagamento como extras ou pelo menos como simples para os professores que lecionam \u00e0 noite pelas duas semanas letivas aumentadas a partir do ano letivo de 2013.<\/strong><\/p>\n<p style=\"text-align: justify;\"><span class=\"style7\"><a href=\"http:\/\/sinpes.org.br\/arquivos\/2013\/banner70_acao_puc1.pdf\" target=\"_blank\">Clique aqui (A\u00e7\u00e3o 01)<\/a><\/span> ou <span class=\"style7\"><a href=\"http:\/\/sinpes.org.br\/arquivos\/2013\/banner70_acao_puc2.pdf\" target=\"_blank\">Clique aqui (A\u00e7\u00e3o 02)<\/a><\/span> e confira na \u00edntegra o conte\u00fado das duas a\u00e7\u00f5es ajuizadas. O razo\u00e1vel seria a padroniza\u00e7\u00e3o de todas as aulas em cinquenta minutos com um reajuste \u00fanico negociado compat\u00edvel com o aumento de trabalho no per\u00edodo da noite para todas as aulas e a regulamenta\u00e7\u00e3o condigna das f\u00e9rias escolares em todos os turnos, tudo devidamente aprovado em assembleia geral e plebiscito depois de ampla discuss\u00e3o acerca do tema.<\/p>\n<p style=\"text-align: justify;\"><strong>Como esta alternativa n\u00e3o se respalda em fundamentos jur\u00eddicos, mas apenas pol\u00edticos e de razoabilidade, n\u00e3o sobrou \u00e0 Diretoria do SINPES op\u00e7\u00e3o sen\u00e3o conclamar o Grupo Marista a dialogar com franqueza e prop\u00f3sito de concess\u00f5es m\u00fatuas mediante <span style=\"text-decoration: underline;\">amea\u00e7a concreta<\/span> no \u201c\u00f3rg\u00e3o\u201d que lhe \u00e9 mais fr\u00e1gil, ou seja, o <span style=\"text-decoration: underline;\">Bolso<\/span>!<\/strong><\/p>\n<!-- AddThis Advanced Settings generic via filter on the_content --><!-- AddThis Share Buttons generic via filter on the_content -->","protected":false},"excerpt":{"rendered":"<p>Saiu o resultado da a\u00e7\u00e3o ajuizada pelo SINPES contra a PUC, que tinha como objetivo garantir o cumprimento da promessa de que as aulas, neste ano de 2013, deveriam iniciar em meados de fevereiro, conforme prometido pelo ent\u00e3o Diretor de Recursos Humanos, Carlos Echeverria, em 2012. Clique aqui para ver a decis\u00e3o proferida pela Dra. [&hellip;]<!-- AddThis Advanced Settings generic via filter on wp_trim_excerpt --><!-- AddThis Share Buttons generic via filter on wp_trim_excerpt --><\/p>\n","protected":false},"author":2,"featured_media":0,"comment_status":"open","ping_status":"open","sticky":false,"template":"","format":"standard","meta":{"footnotes":""},"categories":[2],"tags":[81,61],"class_list":["post-46","post","type-post","status-publish","format-standard","hentry","category-puc","tag-ferias","tag-puc"],"_links":{"self":[{"href":"https:\/\/sinpes.org.br\/site\/wp-json\/wp\/v2\/posts\/46","targetHints":{"allow":["GET"]}}],"collection":[{"href":"https:\/\/sinpes.org.br\/site\/wp-json\/wp\/v2\/posts"}],"about":[{"href":"https:\/\/sinpes.org.br\/site\/wp-json\/wp\/v2\/types\/post"}],"author":[{"embeddable":true,"href":"https:\/\/sinpes.org.br\/site\/wp-json\/wp\/v2\/users\/2"}],"replies":[{"embeddable":true,"href":"https:\/\/sinpes.org.br\/site\/wp-json\/wp\/v2\/comments?post=46"}],"version-history":[{"count":1,"href":"https:\/\/sinpes.org.br\/site\/wp-json\/wp\/v2\/posts\/46\/revisions"}],"predecessor-version":[{"id":47,"href":"https:\/\/sinpes.org.br\/site\/wp-json\/wp\/v2\/posts\/46\/revisions\/47"}],"wp:attachment":[{"href":"https:\/\/sinpes.org.br\/site\/wp-json\/wp\/v2\/media?parent=46"}],"wp:term":[{"taxonomy":"category","embeddable":true,"href":"https:\/\/sinpes.org.br\/site\/wp-json\/wp\/v2\/categories?post=46"},{"taxonomy":"post_tag","embeddable":true,"href":"https:\/\/sinpes.org.br\/site\/wp-json\/wp\/v2\/tags?post=46"}],"curies":[{"name":"wp","href":"https:\/\/api.w.org\/{rel}","templated":true}]}}