{"id":4598,"date":"2024-04-04T09:46:01","date_gmt":"2024-04-04T12:46:01","guid":{"rendered":"https:\/\/sinpes.org.br\/site\/?p=4598"},"modified":"2024-04-04T09:47:35","modified_gmt":"2024-04-04T12:47:35","slug":"sinpes-e-sinepe-assinam-convencao-coletiva-de-trabalho-com-contribuicao-negocial-e-possibilidade-de-oposicao","status":"publish","type":"post","link":"https:\/\/sinpes.org.br\/site\/sinpes-e-sinepe-assinam-convencao-coletiva-de-trabalho-com-contribuicao-negocial-e-possibilidade-de-oposicao\/","title":{"rendered":"SINPES e SINEPE assinam Conven\u00e7\u00e3o Coletiva de Trabalho com Contribui\u00e7\u00e3o Negocial e possibilidade de oposi\u00e7\u00e3o"},"content":{"rendered":"<p><strong>04\/04\/2024<\/strong><\/p>\n<div id=\"attachment_4602\" style=\"width: 747px\" class=\"wp-caption aligncenter\"><a href=\"https:\/\/sinpes.org.br\/site\/wp-content\/uploads\/2024\/04\/WhatsApp-Image-2024-03-29-at-4.02.30-PM-1-1.jpeg\"><img loading=\"lazy\" decoding=\"async\" aria-describedby=\"caption-attachment-4602\" class=\" wp-image-4602\" src=\"https:\/\/sinpes.org.br\/site\/wp-content\/uploads\/2024\/04\/WhatsApp-Image-2024-03-29-at-4.02.30-PM-1-1.jpeg\" alt=\"\" width=\"737\" height=\"483\" srcset=\"https:\/\/sinpes.org.br\/site\/wp-content\/uploads\/2024\/04\/WhatsApp-Image-2024-03-29-at-4.02.30-PM-1-1.jpeg 960w, https:\/\/sinpes.org.br\/site\/wp-content\/uploads\/2024\/04\/WhatsApp-Image-2024-03-29-at-4.02.30-PM-1-1-300x197.jpeg 300w, https:\/\/sinpes.org.br\/site\/wp-content\/uploads\/2024\/04\/WhatsApp-Image-2024-03-29-at-4.02.30-PM-1-1-768x503.jpeg 768w\" sizes=\"auto, (max-width: 737px) 100vw, 737px\" \/><\/a><p id=\"caption-attachment-4602\" class=\"wp-caption-text\">Na foto: Presidente do Sinepe, Sergio Herrero Moraes e presidente do Sinpes, Valdyr Perrini na assinatura da CCT<\/p><\/div>\n<p>No dia 27\/03, o Sindicato dos Professores do Ensino Superior de Curitiba e Regi\u00e3o Metropolitana \u2013 SINPES e o Sindicato dos Estabelecimentos Particulares de Ensino do Estado do Paran\u00e1 \u2013 SINEPE assinaram Conven\u00e7\u00e3o Coletiva de Trabalho (CCT) que rege o trabalho docente no ensino superior da Capital e da Regi\u00e3o Metropolitana no per\u00edodo compreendido entre 1\u00ba de mar\u00e7o de 2024 a 28 de fevereiro de 2025.<\/p>\n<p>A CCT renova integralmente todas as cl\u00e1usulas sociais em vigor at\u00e9 fevereiro de 2024 e estabelece reajuste que rep\u00f5e integralmente a infla\u00e7\u00e3o: varia\u00e7\u00e3o do INPC entre mar\u00e7o de 2023 e fevereiro de 2024, no patamar de 3,86%.<\/p>\n<p>Como \u00e9 de praxe, a nova CCT estabelece pequena contribui\u00e7\u00e3o negocial necess\u00e1ria para viabilizar o funcionamento do SINPES, discutida em duas assembleias gerais da categoria, que correspondente a um dia de sal\u00e1rio a ser descontado da remunera\u00e7\u00e3o do m\u00eas de dezembro de 2024.<\/p>\n<p>Em aten\u00e7\u00e3o a entendimento firmado pelo Supremo Tribunal Federal ficou resguardado o direito de oposi\u00e7\u00e3o ao desconto em at\u00e9 15 (quinze) dias \u00fateis ap\u00f3s a divulga\u00e7\u00e3o da presente not\u00edcia no s\u00edtio eletr\u00f4nico do SINPES e no Facebook da entidade sindical, at\u00e9 26\/04\/2024.<\/p>\n<p>A oposi\u00e7\u00e3o deve ser feita mediante apresenta\u00e7\u00e3o de carta de pr\u00f3prio punho na sede do Sinpes no hor\u00e1rio compreendido <strong>entre 13h30min e 17h00min<\/strong>. Ou atrav\u00e9s de telegrama com c\u00f3pia confirmat\u00f3ria de inteiro teor e aviso de recebimento encaminhada pelo professor, c\u00f4njuge, filho(a) ou genitor do professor ao SINPES.<\/p>\n<p>A m\u00f3dica contribui\u00e7\u00e3o estabelecida pela categoria em duas assembleias, ap\u00f3s ampla discuss\u00e3o entre os interessados, \u00e9 imprescind\u00edvel para viabilizar o funcionamento do Sinpes e sua luta na defesa dos direitos dos professores que representa.<\/p>\n<div id=\"attachment_4600\" style=\"width: 728px\" class=\"wp-caption aligncenter\"><a href=\"https:\/\/sinpes.org.br\/site\/wp-content\/uploads\/2024\/04\/WhatsApp-Image-2024-03-29-at-4.02.30-PM.jpeg\"><img loading=\"lazy\" decoding=\"async\" aria-describedby=\"caption-attachment-4600\" class=\" wp-image-4600\" src=\"https:\/\/sinpes.org.br\/site\/wp-content\/uploads\/2024\/04\/WhatsApp-Image-2024-03-29-at-4.02.30-PM.jpeg\" alt=\"\" width=\"718\" height=\"539\" srcset=\"https:\/\/sinpes.org.br\/site\/wp-content\/uploads\/2024\/04\/WhatsApp-Image-2024-03-29-at-4.02.30-PM.jpeg 1280w, https:\/\/sinpes.org.br\/site\/wp-content\/uploads\/2024\/04\/WhatsApp-Image-2024-03-29-at-4.02.30-PM-300x225.jpeg 300w, https:\/\/sinpes.org.br\/site\/wp-content\/uploads\/2024\/04\/WhatsApp-Image-2024-03-29-at-4.02.30-PM-1024x768.jpeg 1024w, https:\/\/sinpes.org.br\/site\/wp-content\/uploads\/2024\/04\/WhatsApp-Image-2024-03-29-at-4.02.30-PM-768x576.jpeg 768w\" sizes=\"auto, (max-width: 718px) 100vw, 718px\" \/><\/a><p id=\"caption-attachment-4600\" class=\"wp-caption-text\">Presidente do Sinpes, Valdyr Perrini, vice-presidente Ilda Vitiuk e o primeiro suplente Carlos Magno durante reuni\u00e3o para assinatura da nova Conven\u00e7\u00e3o<\/p><\/div>\n<p>Dado o alto grau de politiza\u00e7\u00e3o e consci\u00eancia de classe dos professores do ensino superior o SINPES espera que conforme ocorrido nos anos anteriores, o direito de oposi\u00e7\u00e3o convencionalmente estabelecido n\u00e3o seja exercido pela grande maioria dos benefici\u00e1rios das conquistas amealhadas pelo SINPES.<\/p>\n<p>Confira no link abaixo o inteiro teor da CCT 2024\/2025:<\/p>\n<p><a href=\"https:\/\/sinpes.org.br\/site\/convencao-coletiva-de-trabalho-2024-2025\/\">https:\/\/sinpes.org.br\/site\/convencao-coletiva-de-trabalho-2024-2025\/<\/a><\/p>\n<p>&nbsp;<\/p>\n<!-- AddThis Advanced Settings generic via filter on the_content --><!-- AddThis Share Buttons generic via filter on the_content -->","protected":false},"excerpt":{"rendered":"<p>04\/04\/2024 No dia 27\/03, o Sindicato dos Professores do Ensino Superior de Curitiba e Regi\u00e3o Metropolitana \u2013 SINPES e o Sindicato dos Estabelecimentos Particulares de Ensino do Estado do Paran\u00e1 \u2013 SINEPE assinaram Conven\u00e7\u00e3o Coletiva de Trabalho (CCT) que rege o trabalho docente no ensino superior da Capital e da Regi\u00e3o Metropolitana no per\u00edodo compreendido [&hellip;]<!-- AddThis Advanced Settings generic via filter on wp_trim_excerpt --><!-- AddThis Share Buttons generic via filter on wp_trim_excerpt --><\/p>\n","protected":false},"author":3,"featured_media":0,"comment_status":"closed","ping_status":"open","sticky":false,"template":"","format":"standard","meta":{"footnotes":""},"categories":[7,18,13],"tags":[691,331,963,392,571,761,371,62],"class_list":["post-4598","post","type-post","status-publish","format-standard","hentry","category-arquivo-de-noticias","category-destaque","category-home","tag-acoes-do-sinpes","tag-cct","tag-cct-2024-2025","tag-convencao-coletiva","tag-nova-cct","tag-reajuste","tag-salarios","tag-sinpes"],"_links":{"self":[{"href":"https:\/\/sinpes.org.br\/site\/wp-json\/wp\/v2\/posts\/4598","targetHints":{"allow":["GET"]}}],"collection":[{"href":"https:\/\/sinpes.org.br\/site\/wp-json\/wp\/v2\/posts"}],"about":[{"href":"https:\/\/sinpes.org.br\/site\/wp-json\/wp\/v2\/types\/post"}],"author":[{"embeddable":true,"href":"https:\/\/sinpes.org.br\/site\/wp-json\/wp\/v2\/users\/3"}],"replies":[{"embeddable":true,"href":"https:\/\/sinpes.org.br\/site\/wp-json\/wp\/v2\/comments?post=4598"}],"version-history":[{"count":2,"href":"https:\/\/sinpes.org.br\/site\/wp-json\/wp\/v2\/posts\/4598\/revisions"}],"predecessor-version":[{"id":4603,"href":"https:\/\/sinpes.org.br\/site\/wp-json\/wp\/v2\/posts\/4598\/revisions\/4603"}],"wp:attachment":[{"href":"https:\/\/sinpes.org.br\/site\/wp-json\/wp\/v2\/media?parent=4598"}],"wp:term":[{"taxonomy":"category","embeddable":true,"href":"https:\/\/sinpes.org.br\/site\/wp-json\/wp\/v2\/categories?post=4598"},{"taxonomy":"post_tag","embeddable":true,"href":"https:\/\/sinpes.org.br\/site\/wp-json\/wp\/v2\/tags?post=4598"}],"curies":[{"name":"wp","href":"https:\/\/api.w.org\/{rel}","templated":true}]}}