{"id":4590,"date":"2024-03-27T17:34:07","date_gmt":"2024-03-27T20:34:07","guid":{"rendered":"https:\/\/sinpes.org.br\/site\/?p=4590"},"modified":"2024-03-27T17:34:07","modified_gmt":"2024-03-27T20:34:07","slug":"sinpes-convoca-professores-as-da-assenar-a-opinar-sobre-a-renegociacao-dos-valores-do-acordo-do-recreio","status":"publish","type":"post","link":"https:\/\/sinpes.org.br\/site\/sinpes-convoca-professores-as-da-assenar-a-opinar-sobre-a-renegociacao-dos-valores-do-acordo-do-recreio\/","title":{"rendered":"Sinpes convoca professores\/as da Assenar a opinar sobre a renegocia\u00e7\u00e3o dos valores do Acordo do Recreio"},"content":{"rendered":"<p><strong>27\/03\/2024<\/strong><\/p>\n<p>Tendo em vista o aparecimento de dez professores que n\u00e3o se encontravam na lista oferecida pelos professores, os valores do Acordo do Recreio, negociado entre Sinpes e Assenar e aprovado pelos professores\/as, tiveram que ser renegociados. Por isso, o sindicato realizou nova Assembleia com o objetivo de apresentar aos professores e professoras da Assenar e agora convoca os docentes para votar sobre a altera\u00e7\u00e3o nos valores do acordo. A vota\u00e7\u00e3o fica aberta at\u00e9 as 23h59 do dia 01.04.2024. Vote no link:<\/p>\n<p><a href=\"https:\/\/docs.google.com\/forms\/d\/e\/1FAIpQLSfxAv_icfdHtotvNaXQBCZ15iIjX0473mBIOOoxcDuV2fpbtQ\/viewform?vc=0&amp;c=0&amp;w=1&amp;flr=0\">https:\/\/docs.google.com\/forms\/d\/e\/1FAIpQLSfxAv_icfdHtotvNaXQBCZ15iIjX0473mBIOOoxcDuV2fpbtQ\/viewform?vc=0&amp;c=0&amp;w=1&amp;flr=0<\/a><\/p>\n<!-- AddThis Advanced Settings generic via filter on the_content --><!-- AddThis Share Buttons generic via filter on the_content -->","protected":false},"excerpt":{"rendered":"<p>27\/03\/2024 Tendo em vista o aparecimento de dez professores que n\u00e3o se encontravam na lista oferecida pelos professores, os valores do Acordo do Recreio, negociado entre Sinpes e Assenar e aprovado pelos professores\/as, tiveram que ser renegociados. Por isso, o sindicato realizou nova Assembleia com o objetivo de apresentar aos professores e professoras da Assenar [&hellip;]<!-- AddThis Advanced Settings generic via filter on wp_trim_excerpt --><!-- AddThis Share Buttons generic via filter on wp_trim_excerpt --><\/p>\n","protected":false},"author":3,"featured_media":0,"comment_status":"closed","ping_status":"open","sticky":false,"template":"","format":"standard","meta":{"footnotes":""},"categories":[7,18,13],"tags":[947,977,945,290,976],"class_list":["post-4590","post","type-post","status-publish","format-standard","hentry","category-arquivo-de-noticias","category-destaque","category-home","tag-acordo-assenar","tag-acordo-recreio","tag-assembleia-assenar","tag-assenar","tag-votacao-assenar"],"_links":{"self":[{"href":"https:\/\/sinpes.org.br\/site\/wp-json\/wp\/v2\/posts\/4590","targetHints":{"allow":["GET"]}}],"collection":[{"href":"https:\/\/sinpes.org.br\/site\/wp-json\/wp\/v2\/posts"}],"about":[{"href":"https:\/\/sinpes.org.br\/site\/wp-json\/wp\/v2\/types\/post"}],"author":[{"embeddable":true,"href":"https:\/\/sinpes.org.br\/site\/wp-json\/wp\/v2\/users\/3"}],"replies":[{"embeddable":true,"href":"https:\/\/sinpes.org.br\/site\/wp-json\/wp\/v2\/comments?post=4590"}],"version-history":[{"count":1,"href":"https:\/\/sinpes.org.br\/site\/wp-json\/wp\/v2\/posts\/4590\/revisions"}],"predecessor-version":[{"id":4591,"href":"https:\/\/sinpes.org.br\/site\/wp-json\/wp\/v2\/posts\/4590\/revisions\/4591"}],"wp:attachment":[{"href":"https:\/\/sinpes.org.br\/site\/wp-json\/wp\/v2\/media?parent=4590"}],"wp:term":[{"taxonomy":"category","embeddable":true,"href":"https:\/\/sinpes.org.br\/site\/wp-json\/wp\/v2\/categories?post=4590"},{"taxonomy":"post_tag","embeddable":true,"href":"https:\/\/sinpes.org.br\/site\/wp-json\/wp\/v2\/tags?post=4590"}],"curies":[{"name":"wp","href":"https:\/\/api.w.org\/{rel}","templated":true}]}}