{"id":4584,"date":"2024-03-25T15:57:12","date_gmt":"2024-03-25T18:57:12","guid":{"rendered":"https:\/\/sinpes.org.br\/site\/?p=4584"},"modified":"2024-03-25T15:57:12","modified_gmt":"2024-03-25T18:57:12","slug":"sinpes-convoca-professores-as-da-assenar-para-nova-assembleia","status":"publish","type":"post","link":"https:\/\/sinpes.org.br\/site\/sinpes-convoca-professores-as-da-assenar-para-nova-assembleia\/","title":{"rendered":"Sinpes convoca professores\/as da Assenar para nova Assembleia"},"content":{"rendered":"<p><strong>25\/03\/2024<\/strong><\/p>\n<p>Tendo em vista o aparecimento de dez professores que n\u00e3o se encontravam na lista oferecida pelos professores, os valores tiveram que ser renegociados.<\/p>\n<p>De um lado a Assenar concordou em aumentar significativamente o valor originalmente ajustado, acrescendo ao valor anteriormente ajustado mais uma parcela. De outro o Sinpes aceitou alterar parcialmente o crit\u00e9rio de c\u00e1lculo do valor devido, retirando da base de c\u00e1lculo o primeiro semestre de 2020. Essa exclus\u00e3o decorreu do fato de que que nesse semestre as aulas presenciais foram apenas e t\u00e3o somente at\u00e9 a segunda quinzena de mar\u00e7o, n\u00e3o sendo assim significativo o trabalho potencialmente realizado nos intervalos de recreio. S\u00f3 assim o aumento do valor em face dos professores que n\u00e3o constavam na lista origin\u00e1ria conseguiu ser absorvido pela Assenar.<\/p>\n<p>A nova Assembleia tem o objetivo de apresentar aos professores e professoras da Assenar, que lecionaram entre agosto de 2015 e mar\u00e7o de 2020 os novos valores devidos a cada um dos professores, assim como a nova f\u00f3rmula estabelecida entre as partes para efetivar o pagamento da indeniza\u00e7\u00e3o negociada. E oportunizar aos interessados aprovar ou rejeitar a aven\u00e7a.<\/p>\n<p>Assim, o Sinpes convoca os professores para nova Assembleia na qual essas altera\u00e7\u00f5es ser\u00e3o debatidas e depois votadas.<\/p>\n<p>O crit\u00e9rio de ordem de pagamento \u2013 conforme definido pelos professores da Assenar por meio de vota\u00e7\u00e3o online \u2013 e os novos valores, podem ser conferidos nas tabelas abaixo.<\/p>\n<p><strong>Professor\/a da Assenar, participe da Assembleia do dia 27\/03\/2024 pelo link:<\/strong><\/p>\n<p><a href=\"https:\/\/us06web.zoom.us\/j\/85386699713?pwd=nTvAmLXURA2XS0iedyNKif8WVXKfzA.1\">https:\/\/us06web.zoom.us\/j\/85386699713?pwd=nTvAmLXURA2XS0iedyNKif8WVXKfzA.1<\/a><\/p>\n<p><strong>ID da reuni\u00e3o: <\/strong>853 8669 9713<\/p>\n<p><strong>Senha:<\/strong> 540810<\/p>\n<p><strong>Confira abaixo a planilha com os valores e ordem de pagamento e a minuta do acordo.\u00a0<\/strong><\/p>\n<p><a href=\"https:\/\/sinpes.org.br\/site\/wp-content\/uploads\/2024\/03\/Planilhas-ordem-de-pagamento-e-valores-.pdf\">Planilhas ordem de pagamento e valores<\/a><\/p>\n<p><a href=\"https:\/\/sinpes.org.br\/site\/wp-content\/uploads\/2024\/03\/Acordo-Recreio-Assenar-.pdf\">Acordo Recreio &#8211; Assenar<\/a><\/p>\n<!-- AddThis Advanced Settings generic via filter on the_content --><!-- AddThis Share Buttons generic via filter on the_content -->","protected":false},"excerpt":{"rendered":"<p>25\/03\/2024 Tendo em vista o aparecimento de dez professores que n\u00e3o se encontravam na lista oferecida pelos professores, os valores tiveram que ser renegociados. De um lado a Assenar concordou em aumentar significativamente o valor originalmente ajustado, acrescendo ao valor anteriormente ajustado mais uma parcela. De outro o Sinpes aceitou alterar parcialmente o crit\u00e9rio de [&hellip;]<!-- AddThis Advanced Settings generic via filter on wp_trim_excerpt --><!-- AddThis Share Buttons generic via filter on wp_trim_excerpt --><\/p>\n","protected":false},"author":3,"featured_media":0,"comment_status":"closed","ping_status":"open","sticky":false,"template":"","format":"standard","meta":{"footnotes":""},"categories":[7,18,13],"tags":[947,305,945,290,946,395,975],"class_list":["post-4584","post","type-post","status-publish","format-standard","hentry","category-arquivo-de-noticias","category-destaque","category-home","tag-acordo-assenar","tag-assembleia","tag-assembleia-assenar","tag-assenar","tag-professores-assenar","tag-recreio","tag-recreio-assenar"],"_links":{"self":[{"href":"https:\/\/sinpes.org.br\/site\/wp-json\/wp\/v2\/posts\/4584","targetHints":{"allow":["GET"]}}],"collection":[{"href":"https:\/\/sinpes.org.br\/site\/wp-json\/wp\/v2\/posts"}],"about":[{"href":"https:\/\/sinpes.org.br\/site\/wp-json\/wp\/v2\/types\/post"}],"author":[{"embeddable":true,"href":"https:\/\/sinpes.org.br\/site\/wp-json\/wp\/v2\/users\/3"}],"replies":[{"embeddable":true,"href":"https:\/\/sinpes.org.br\/site\/wp-json\/wp\/v2\/comments?post=4584"}],"version-history":[{"count":1,"href":"https:\/\/sinpes.org.br\/site\/wp-json\/wp\/v2\/posts\/4584\/revisions"}],"predecessor-version":[{"id":4587,"href":"https:\/\/sinpes.org.br\/site\/wp-json\/wp\/v2\/posts\/4584\/revisions\/4587"}],"wp:attachment":[{"href":"https:\/\/sinpes.org.br\/site\/wp-json\/wp\/v2\/media?parent=4584"}],"wp:term":[{"taxonomy":"category","embeddable":true,"href":"https:\/\/sinpes.org.br\/site\/wp-json\/wp\/v2\/categories?post=4584"},{"taxonomy":"post_tag","embeddable":true,"href":"https:\/\/sinpes.org.br\/site\/wp-json\/wp\/v2\/tags?post=4584"}],"curies":[{"name":"wp","href":"https:\/\/api.w.org\/{rel}","templated":true}]}}