{"id":4577,"date":"2024-03-21T14:48:36","date_gmt":"2024-03-21T17:48:36","guid":{"rendered":"https:\/\/sinpes.org.br\/site\/?p=4577"},"modified":"2024-03-21T18:11:05","modified_gmt":"2024-03-21T21:11:05","slug":"sinpes-convoca-professores-as-a-votar-na-nova-data-da-contribuicao-negocial","status":"publish","type":"post","link":"https:\/\/sinpes.org.br\/site\/sinpes-convoca-professores-as-a-votar-na-nova-data-da-contribuicao-negocial\/","title":{"rendered":"Sinpes convoca professores\/as a votar na nova data da Contribui\u00e7\u00e3o Negocial"},"content":{"rendered":"<p><strong>21\/03\/2024<\/strong><\/p>\n<p>Em novembro de 2022, o Sindicato dos Professores de Ensino Superior de Curitiba e Regi\u00e3o Metropolitana \u2013 SINPES e o Sindicato dos Estabelecimentos Particulares de Ensino do Estado do Paran\u00e1 \u2013 SINEPE assinaram a Conven\u00e7\u00e3o Coletiva de Trabalho (CCT) 2022\/2024 vigente at\u00e9 29.02.2024.<\/p>\n<p>Na ocasi\u00e3o, ficou estabelecido que as Contribui\u00e7\u00f5es Negociais correspondentes aos per\u00edodos 2022\/2023 e 2023\/2024 representariam um dia de sal\u00e1rio dos meses de mar\u00e7o de 2023 e de fevereiro de 2024.<\/p>\n<p>Agora, Sinpes e Sinepe novamente assinar\u00e3o uma Conven\u00e7\u00e3o Coletiva de Trabalho para o per\u00edodo 2024\/2025, aprovada em assembleia geral realizada no m\u00eas de fevereiro. Na sua reda\u00e7\u00e3o original, como \u00e9 de praxe, a categoria aprovou nova contribui\u00e7\u00e3o negocial correspondente a um dia de sal\u00e1rio do m\u00eas em que haver\u00e1 o reajuste, mar\u00e7o de 2024.<\/p>\n<p>Em face da inconveni\u00eancia de se realizar a cobran\u00e7a de Contribui\u00e7\u00e3o Negocial em dois meses sucessivos, a Diretoria do Sinpes resolveu propor o adiamento da contribui\u00e7\u00e3o originalmente prevista para mar\u00e7o, para o m\u00eas de dezembro de 2024.<\/p>\n<p>Para formalizar essa altera\u00e7\u00e3o e ratificar a forma de cobran\u00e7a dessa contribui\u00e7\u00e3o, imprescind\u00edvel para que o sindicato continue desempenhando suas fun\u00e7\u00f5es, o Sinpes realizou Assembleia Geral Virtual nesta quinta-feira (21). Agora, a categoria tem at\u00e9 as 23h59 do dia 25\/03\/2024 para votar se aprova ou n\u00e3o a mudan\u00e7a na data da Contribui\u00e7\u00e3o Negocial da nova CCT.<\/p>\n<p><strong>Confira a minuta da nova CCT no link j\u00e1 com a altera\u00e7\u00e3o proposta:<\/strong><\/p>\n<p><strong> <a href=\"https:\/\/sinpes.org.br\/site\/wp-content\/uploads\/2024\/03\/CCT-2024-2025.pdf\">CCT 2024-2025<\/a>\u00a0<\/strong><\/p>\n<p><strong>Vote no link:\u00a0 <a href=\"https:\/\/docs.google.com\/forms\/d\/e\/1FAIpQLScaqlVAhKhSpUFPEON3S3ftkiielkkl2OrGtfH6IhWzbQav8Q\/viewform?vc=0&amp;c=0&amp;w=1&amp;flr=0\">https:\/\/docs.google.com\/forms\/d\/e\/1FAIpQLScaqlVAhKhSpUFPEON3S3ftkiielkkl2OrGtfH6IhWzbQav8Q\/viewform?vc=0&amp;c=0&amp;w=1&amp;flr=0<\/a><\/strong><\/p>\n<!-- AddThis Advanced Settings generic via filter on the_content --><!-- AddThis Share Buttons generic via filter on the_content -->","protected":false},"excerpt":{"rendered":"<p>21\/03\/2024 Em novembro de 2022, o Sindicato dos Professores de Ensino Superior de Curitiba e Regi\u00e3o Metropolitana \u2013 SINPES e o Sindicato dos Estabelecimentos Particulares de Ensino do Estado do Paran\u00e1 \u2013 SINEPE assinaram a Conven\u00e7\u00e3o Coletiva de Trabalho (CCT) 2022\/2024 vigente at\u00e9 29.02.2024. Na ocasi\u00e3o, ficou estabelecido que as Contribui\u00e7\u00f5es Negociais correspondentes aos per\u00edodos [&hellip;]<!-- AddThis Advanced Settings generic via filter on wp_trim_excerpt --><!-- AddThis Share Buttons generic via filter on wp_trim_excerpt --><\/p>\n","protected":false},"author":3,"featured_media":0,"comment_status":"closed","ping_status":"open","sticky":false,"template":"","format":"standard","meta":{"footnotes":""},"categories":[7,18,13],"tags":[305,331,963,571,538],"class_list":["post-4577","post","type-post","status-publish","format-standard","hentry","category-arquivo-de-noticias","category-destaque","category-home","tag-assembleia","tag-cct","tag-cct-2024-2025","tag-nova-cct","tag-votacao"],"_links":{"self":[{"href":"https:\/\/sinpes.org.br\/site\/wp-json\/wp\/v2\/posts\/4577","targetHints":{"allow":["GET"]}}],"collection":[{"href":"https:\/\/sinpes.org.br\/site\/wp-json\/wp\/v2\/posts"}],"about":[{"href":"https:\/\/sinpes.org.br\/site\/wp-json\/wp\/v2\/types\/post"}],"author":[{"embeddable":true,"href":"https:\/\/sinpes.org.br\/site\/wp-json\/wp\/v2\/users\/3"}],"replies":[{"embeddable":true,"href":"https:\/\/sinpes.org.br\/site\/wp-json\/wp\/v2\/comments?post=4577"}],"version-history":[{"count":4,"href":"https:\/\/sinpes.org.br\/site\/wp-json\/wp\/v2\/posts\/4577\/revisions"}],"predecessor-version":[{"id":4582,"href":"https:\/\/sinpes.org.br\/site\/wp-json\/wp\/v2\/posts\/4577\/revisions\/4582"}],"wp:attachment":[{"href":"https:\/\/sinpes.org.br\/site\/wp-json\/wp\/v2\/media?parent=4577"}],"wp:term":[{"taxonomy":"category","embeddable":true,"href":"https:\/\/sinpes.org.br\/site\/wp-json\/wp\/v2\/categories?post=4577"},{"taxonomy":"post_tag","embeddable":true,"href":"https:\/\/sinpes.org.br\/site\/wp-json\/wp\/v2\/tags?post=4577"}],"curies":[{"name":"wp","href":"https:\/\/api.w.org\/{rel}","templated":true}]}}