{"id":4572,"date":"2024-03-14T18:26:05","date_gmt":"2024-03-14T21:26:05","guid":{"rendered":"https:\/\/sinpes.org.br\/site\/?p=4572"},"modified":"2024-03-14T18:26:05","modified_gmt":"2024-03-14T21:26:05","slug":"o-sinpes-convoca-professores-da-assenar-para-votar-no-acordo-do-recreio","status":"publish","type":"post","link":"https:\/\/sinpes.org.br\/site\/o-sinpes-convoca-professores-da-assenar-para-votar-no-acordo-do-recreio\/","title":{"rendered":"O Sinpes convoca professores da Assenar para votar no Acordo do Recreio"},"content":{"rendered":"<p><strong>14\/03\/2024<\/strong><\/p>\n<p>O Sinpes realizou, na tarde desta quinta-feira (14) uma Assembleia Geral Virtual com professores e professoras da Assenar para apresentar a proposta de Acordo entabulada entre sindicato e faculdade alusivo ao pagamento de indeniza\u00e7\u00e3o relativa aos intervalos conhecidos como \u201cRecreios\u201d e abrange professores que lecionaram entre agosto de 2015 e mar\u00e7o de 2020.<\/p>\n<p>Agora, professores e professoras da Assenar t\u00eam at\u00e9 as 23h59 do dia 18\/03\/2024 para votar se aprovam ou n\u00e3o o acordo e tamb\u00e9m definir os crit\u00e9rios para a ordem dos pagamentos. A vota\u00e7\u00e3o acontece por meio de formul\u00e1rio online no link:<\/p>\n<p><a href=\"https:\/\/docs.google.com\/forms\/d\/e\/1FAIpQLSeABP8fKLd3dNy_1GCAbOkOmXIF_gxN0dVUn0ZQO28v7r8NUQ\/viewform?vc=0&amp;c=0&amp;w=1&amp;flr=0\">https:\/\/docs.google.com\/forms\/d\/e\/1FAIpQLSeABP8fKLd3dNy_1GCAbOkOmXIF_gxN0dVUn0ZQO28v7r8NUQ\/viewform?vc=0&amp;c=0&amp;w=1&amp;flr=0<\/a><\/p>\n<p>&nbsp;<\/p>\n<!-- AddThis Advanced Settings generic via filter on the_content --><!-- AddThis Share Buttons generic via filter on the_content -->","protected":false},"excerpt":{"rendered":"<p>14\/03\/2024 O Sinpes realizou, na tarde desta quinta-feira (14) uma Assembleia Geral Virtual com professores e professoras da Assenar para apresentar a proposta de Acordo entabulada entre sindicato e faculdade alusivo ao pagamento de indeniza\u00e7\u00e3o relativa aos intervalos conhecidos como \u201cRecreios\u201d e abrange professores que lecionaram entre agosto de 2015 e mar\u00e7o de 2020. Agora, [&hellip;]<!-- AddThis Advanced Settings generic via filter on wp_trim_excerpt --><!-- AddThis Share Buttons generic via filter on wp_trim_excerpt --><\/p>\n","protected":false},"author":3,"featured_media":0,"comment_status":"closed","ping_status":"open","sticky":false,"template":"","format":"standard","meta":{"footnotes":""},"categories":[7,18,13],"tags":[39,305,290,946,538],"class_list":["post-4572","post","type-post","status-publish","format-standard","hentry","category-arquivo-de-noticias","category-destaque","category-home","tag-acordo","tag-assembleia","tag-assenar","tag-professores-assenar","tag-votacao"],"_links":{"self":[{"href":"https:\/\/sinpes.org.br\/site\/wp-json\/wp\/v2\/posts\/4572","targetHints":{"allow":["GET"]}}],"collection":[{"href":"https:\/\/sinpes.org.br\/site\/wp-json\/wp\/v2\/posts"}],"about":[{"href":"https:\/\/sinpes.org.br\/site\/wp-json\/wp\/v2\/types\/post"}],"author":[{"embeddable":true,"href":"https:\/\/sinpes.org.br\/site\/wp-json\/wp\/v2\/users\/3"}],"replies":[{"embeddable":true,"href":"https:\/\/sinpes.org.br\/site\/wp-json\/wp\/v2\/comments?post=4572"}],"version-history":[{"count":1,"href":"https:\/\/sinpes.org.br\/site\/wp-json\/wp\/v2\/posts\/4572\/revisions"}],"predecessor-version":[{"id":4573,"href":"https:\/\/sinpes.org.br\/site\/wp-json\/wp\/v2\/posts\/4572\/revisions\/4573"}],"wp:attachment":[{"href":"https:\/\/sinpes.org.br\/site\/wp-json\/wp\/v2\/media?parent=4572"}],"wp:term":[{"taxonomy":"category","embeddable":true,"href":"https:\/\/sinpes.org.br\/site\/wp-json\/wp\/v2\/categories?post=4572"},{"taxonomy":"post_tag","embeddable":true,"href":"https:\/\/sinpes.org.br\/site\/wp-json\/wp\/v2\/tags?post=4572"}],"curies":[{"name":"wp","href":"https:\/\/api.w.org\/{rel}","templated":true}]}}