{"id":4569,"date":"2024-03-12T14:06:35","date_gmt":"2024-03-12T17:06:35","guid":{"rendered":"https:\/\/sinpes.org.br\/site\/?p=4569"},"modified":"2024-03-12T14:06:35","modified_gmt":"2024-03-12T17:06:35","slug":"assembleia-professores-as-assenar","status":"publish","type":"post","link":"https:\/\/sinpes.org.br\/site\/assembleia-professores-as-assenar\/","title":{"rendered":"Assembleia professores\/as Assenar"},"content":{"rendered":"<p><strong>12\/03\/2024<\/strong><\/p>\n<div class=\"epyt-video-wrapper\"><iframe loading=\"lazy\"  style=\"display: block; margin: 0px auto;\"  id=\"_ytid_73236\"  width=\"480\" height=\"270\"  data-origwidth=\"480\" data-origheight=\"270\" src=\"https:\/\/www.youtube.com\/embed\/zTwhqNNP5K0?enablejsapi=1&#038;autoplay=1&#038;cc_load_policy=0&#038;cc_lang_pref=&#038;iv_load_policy=1&#038;loop=0&#038;rel=1&#038;fs=1&#038;playsinline=0&#038;autohide=2&#038;theme=dark&#038;color=red&#038;controls=1&#038;disablekb=0&#038;\" class=\"__youtube_prefs__  epyt-is-override  no-lazyload\" title=\"YouTube player\"  allow=\"fullscreen; accelerometer; autoplay; clipboard-write; encrypted-media; gyroscope; picture-in-picture; web-share\" referrerpolicy=\"strict-origin-when-cross-origin\" allowfullscreen data-no-lazy=\"1\" data-skipgform_ajax_framebjll=\"\"><\/iframe><\/div>\n<p>O presidente do Sindicato dos Professores do Ensino Superior de Curitiba e Regi\u00e3o Metropolitana \u2013 SINPES, professor Valdyr Perrini, convoca professores e professoras da ASSENAR para Assembleia Geral Virtual no dia 14\/03\/2024 \u00e0s 17h30.<\/p>\n<p>A Assembleia tem o objetivo de apresentar aos professores que lecionaram entre agosto de 2015 e mar\u00e7o de 2020 a proposta de acordo entabulada para o pagamento de indeniza\u00e7\u00e3o relativa aos intervalos conhecidos como \u201cRecreios\u201d. E oportunizar aos interessados aprovar ou rejeitar a aven\u00e7a. Se aprovada, os professores dever\u00e3o tamb\u00e9m estabelecer crit\u00e9rios para a ordem do pagamento dos valores devidos. Segundo rela\u00e7\u00e3o encaminhada pela Assenar, 156 docentes t\u00eam direito a receber essa indeniza\u00e7\u00e3o.<\/p>\n<p><strong>O link para participar da Assembleia \u00e9:<\/strong><\/p>\n<p>https:\u00a0<a href=\"\/\/us06web.zoom.us\/j\/82147346125?pwd=9YPFbDqvu1SpCO7uUDN0nyfqqfa3qf.1\">\/\/us06web.zoom.us\/j\/82147346125?pwd=9YPFbDqvu1SpCO7uUDN0nyfqqfa3qf.1<\/a><\/p>\n<p><strong>ID da reuni\u00e3o:<\/strong> 821 4734 6125<\/p>\n<p><strong>Senha:<\/strong> 748850<\/p>\n<!-- AddThis Advanced Settings generic via filter on the_content --><!-- AddThis Share Buttons generic via filter on the_content -->","protected":false},"excerpt":{"rendered":"<p>12\/03\/2024 O presidente do Sindicato dos Professores do Ensino Superior de Curitiba e Regi\u00e3o Metropolitana \u2013 SINPES, professor Valdyr Perrini, convoca professores e professoras da ASSENAR para Assembleia Geral Virtual no dia 14\/03\/2024 \u00e0s 17h30. A Assembleia tem o objetivo de apresentar aos professores que lecionaram entre agosto de 2015 e mar\u00e7o de 2020 a [&hellip;]<!-- AddThis Advanced Settings generic via filter on wp_trim_excerpt --><!-- AddThis Share Buttons generic via filter on wp_trim_excerpt --><\/p>\n","protected":false},"author":3,"featured_media":0,"comment_status":"closed","ping_status":"open","sticky":false,"template":"","format":"standard","meta":{"footnotes":""},"categories":[7,18],"tags":[39,947,305,945,290,958],"class_list":["post-4569","post","type-post","status-publish","format-standard","hentry","category-arquivo-de-noticias","category-destaque","tag-acordo","tag-acordo-assenar","tag-assembleia","tag-assembleia-assenar","tag-assenar","tag-professores-da-assenar"],"_links":{"self":[{"href":"https:\/\/sinpes.org.br\/site\/wp-json\/wp\/v2\/posts\/4569","targetHints":{"allow":["GET"]}}],"collection":[{"href":"https:\/\/sinpes.org.br\/site\/wp-json\/wp\/v2\/posts"}],"about":[{"href":"https:\/\/sinpes.org.br\/site\/wp-json\/wp\/v2\/types\/post"}],"author":[{"embeddable":true,"href":"https:\/\/sinpes.org.br\/site\/wp-json\/wp\/v2\/users\/3"}],"replies":[{"embeddable":true,"href":"https:\/\/sinpes.org.br\/site\/wp-json\/wp\/v2\/comments?post=4569"}],"version-history":[{"count":1,"href":"https:\/\/sinpes.org.br\/site\/wp-json\/wp\/v2\/posts\/4569\/revisions"}],"predecessor-version":[{"id":4570,"href":"https:\/\/sinpes.org.br\/site\/wp-json\/wp\/v2\/posts\/4569\/revisions\/4570"}],"wp:attachment":[{"href":"https:\/\/sinpes.org.br\/site\/wp-json\/wp\/v2\/media?parent=4569"}],"wp:term":[{"taxonomy":"category","embeddable":true,"href":"https:\/\/sinpes.org.br\/site\/wp-json\/wp\/v2\/categories?post=4569"},{"taxonomy":"post_tag","embeddable":true,"href":"https:\/\/sinpes.org.br\/site\/wp-json\/wp\/v2\/tags?post=4569"}],"curies":[{"name":"wp","href":"https:\/\/api.w.org\/{rel}","templated":true}]}}