{"id":4561,"date":"2024-03-11T13:15:41","date_gmt":"2024-03-11T16:15:41","guid":{"rendered":"https:\/\/sinpes.org.br\/site\/?p=4561"},"modified":"2024-03-11T13:28:40","modified_gmt":"2024-03-11T16:28:40","slug":"sinpes-convoca-professores-as-da-assenar-para-assembleia-que-vai-debater-o-acordo-dos-intervalos-do-recreio","status":"publish","type":"post","link":"https:\/\/sinpes.org.br\/site\/sinpes-convoca-professores-as-da-assenar-para-assembleia-que-vai-debater-o-acordo-dos-intervalos-do-recreio\/","title":{"rendered":"Sinpes convoca professores\/as da ASSENAR para Assembleia que vai debater o Acordo dos intervalos do Recreio"},"content":{"rendered":"<p><strong>11\/03\/2023<\/strong><\/p>\n<p>O Sindicato dos Professores do Ensino Superior de Curitiba e Regi\u00e3o Metropolitana \u2013 SINPES convoca professores e professoras da ASSENAR para Assembleia Geral Virtual no dia 14\/03\/2024 \u00e0s 17h30.<\/p>\n<p>A Assembleia tem o objetivo de apresentar aos professores que lecionaram entre agosto de 2015 e mar\u00e7o de 2020 a proposta de acordo entabulada para o pagamento de indeniza\u00e7\u00e3o relativa aos intervalos conhecidos como \u201cRecreios\u201d. E oportunizar aos interessados aprovar ou rejeitar a aven\u00e7a. Se aprovada, os professores dever\u00e3o tamb\u00e9m estabelecer crit\u00e9rios para a ordem do pagamento dos valores devidos. Segundo rela\u00e7\u00e3o encaminhada pela Assenar, 156 docentes t\u00eam direito a receber essa indeniza\u00e7\u00e3o.<\/p>\n<p>Ap\u00f3s exaustivas negocia\u00e7\u00f5es chegou-se ao consenso de um valor reputado condigno, pass\u00edvel de colocar fim \u00e0 discuss\u00e3o imediatamente, evitando a espera de muitos anos at\u00e9 decis\u00e3o final do processo.<\/p>\n<p>O valor negociado levou em conta as disponibilidades do caixa da institui\u00e7\u00e3o de ensino e varia de acordo com a qualifica\u00e7\u00e3o do docente e sua carga hor\u00e1ria, conforme os crit\u00e9rios da Tabela 1 abaixo. A rela\u00e7\u00e3o completa dos beneficiados e os valores respectivos comp\u00f5e a Tabela 2, a seguir. J\u00e1 os termos do acordo constam do Anexo 1. \u00a0Tanto o Anexo quanto as tabelas ser\u00e3o esclarecidos de forma detalhada por ocasi\u00e3o da Assembleia.<\/p>\n<p>O valor total do acordo remonta a R$ 198.810,00, que ser\u00e3o pagos em 1 presta\u00e7\u00e3o de R$18.810,00 mais 11 de R$ 18.000,00, distribu\u00eddos entre os interessados conforme valores contidos na Tabela 2 abaixo.<\/p>\n<p>Aquele professor que trabalhou entre agosto de 2015 e mar\u00e7o de 2020, mas n\u00e3o consta da Tabela 2. Ou que consta da Tabela 2 sem que o valor apurado leve em conta os crit\u00e9rios de apura\u00e7\u00e3o do montante devido contidos na Tabela 1 deve procurar o Sinpes at\u00e9 o dia 19.03.2024 \u00e0s 12h00min comprovando a carga hor\u00e1ria semanal lecionada e o tempo efetivamente laborado entre agosto de 2015 e mar\u00e7o de 2020. O contato pode ser feito pelo e-mail <a href=\"mailto:sinpes@sinpes.org.br\">sinpes@sinpes.org.br<\/a> ou pelo telefone 3225-1041.<\/p>\n<p>Aqueles interessados que perderem esse prazo infelizmente s\u00f3 poder\u00e3o receber os valores corretos negociados mediante ajuizamento de a\u00e7\u00e3o individual.<\/p>\n<p>Todos \u00e0 Assembleia Geral Virtual no <strong>dia 14\/03\/2024 \u00e0s 17h30.<\/strong><\/p>\n<p><strong>O link para participar da Assembleia \u00e9:<\/strong> <a href=\"https:\/\/us06web.zoom.us\/j\/82147346125?pwd=9YPFbDqvu1SpCO7uUDN0nyfqqfa3qf.1\">https:\/\/us06web.zoom.us\/j\/82147346125?pwd=9YPFbDqvu1SpCO7uUDN0nyfqqfa3qf.1<\/a><\/p>\n<p><strong>ID da reuni\u00e3o:<\/strong> 821 4734 6125<\/p>\n<p><strong>Senha:<\/strong> 748850<\/p>\n<p><strong>Acesse as tabelas: <a href=\"https:\/\/sinpes.org.br\/site\/wp-content\/uploads\/2024\/03\/Tabela-01.pdf\">Tabela 01<\/a><\/strong><\/p>\n<p><a href=\"https:\/\/sinpes.org.br\/site\/wp-content\/uploads\/2024\/03\/Tabela-02.pdf\">Tabela 02<\/a><\/p>\n<p><strong>Acesse o Acordo:<\/strong> <a href=\"https:\/\/sinpes.org.br\/site\/wp-content\/uploads\/2024\/03\/Acordo-Assenar-.pdf\">Acordo Assenar<\/a><\/p>\n<!-- AddThis Advanced Settings generic via filter on the_content --><!-- AddThis Share Buttons generic via filter on the_content -->","protected":false},"excerpt":{"rendered":"<p>11\/03\/2023 O Sindicato dos Professores do Ensino Superior de Curitiba e Regi\u00e3o Metropolitana \u2013 SINPES convoca professores e professoras da ASSENAR para Assembleia Geral Virtual no dia 14\/03\/2024 \u00e0s 17h30. A Assembleia tem o objetivo de apresentar aos professores que lecionaram entre agosto de 2015 e mar\u00e7o de 2020 a proposta de acordo entabulada para [&hellip;]<!-- AddThis Advanced Settings generic via filter on wp_trim_excerpt --><!-- AddThis Share Buttons generic via filter on wp_trim_excerpt --><\/p>\n","protected":false},"author":3,"featured_media":0,"comment_status":"closed","ping_status":"open","sticky":false,"template":"","format":"standard","meta":{"footnotes":""},"categories":[7,18,13],"tags":[39,947,290,958,395],"class_list":["post-4561","post","type-post","status-publish","format-standard","hentry","category-arquivo-de-noticias","category-destaque","category-home","tag-acordo","tag-acordo-assenar","tag-assenar","tag-professores-da-assenar","tag-recreio"],"_links":{"self":[{"href":"https:\/\/sinpes.org.br\/site\/wp-json\/wp\/v2\/posts\/4561","targetHints":{"allow":["GET"]}}],"collection":[{"href":"https:\/\/sinpes.org.br\/site\/wp-json\/wp\/v2\/posts"}],"about":[{"href":"https:\/\/sinpes.org.br\/site\/wp-json\/wp\/v2\/types\/post"}],"author":[{"embeddable":true,"href":"https:\/\/sinpes.org.br\/site\/wp-json\/wp\/v2\/users\/3"}],"replies":[{"embeddable":true,"href":"https:\/\/sinpes.org.br\/site\/wp-json\/wp\/v2\/comments?post=4561"}],"version-history":[{"count":3,"href":"https:\/\/sinpes.org.br\/site\/wp-json\/wp\/v2\/posts\/4561\/revisions"}],"predecessor-version":[{"id":4568,"href":"https:\/\/sinpes.org.br\/site\/wp-json\/wp\/v2\/posts\/4561\/revisions\/4568"}],"wp:attachment":[{"href":"https:\/\/sinpes.org.br\/site\/wp-json\/wp\/v2\/media?parent=4561"}],"wp:term":[{"taxonomy":"category","embeddable":true,"href":"https:\/\/sinpes.org.br\/site\/wp-json\/wp\/v2\/categories?post=4561"},{"taxonomy":"post_tag","embeddable":true,"href":"https:\/\/sinpes.org.br\/site\/wp-json\/wp\/v2\/tags?post=4561"}],"curies":[{"name":"wp","href":"https:\/\/api.w.org\/{rel}","templated":true}]}}