{"id":4547,"date":"2024-02-26T14:56:55","date_gmt":"2024-02-26T17:56:55","guid":{"rendered":"https:\/\/sinpes.org.br\/site\/?p=4547"},"modified":"2024-02-26T14:56:55","modified_gmt":"2024-02-26T17:56:55","slug":"convocacao-para-o-ato-em-defesa-da-competencia-da-justica-do-trabalho","status":"publish","type":"post","link":"https:\/\/sinpes.org.br\/site\/convocacao-para-o-ato-em-defesa-da-competencia-da-justica-do-trabalho\/","title":{"rendered":"Convoca\u00e7\u00e3o para o ato em defesa da compet\u00eancia da Justi\u00e7a do Trabalho"},"content":{"rendered":"<p>26\/02\/2024<\/p>\n<p>No pr\u00f3ximo dia 28 de fevereiro, entidades de Curitiba realizar\u00e3o um ato em defesa da compet\u00eancia da Justi\u00e7a do Trabalho. A manifesta\u00e7\u00e3o faz parte um movimento nacional que promover\u00e1 a\u00e7\u00f5es simult\u00e2neas em mais de 20 grandes cidades.<br \/>\nO movimento em defesa da Justi\u00e7a do Trabalho come\u00e7ou no ano passado, com o lan\u00e7amento da &#8220;Carta em defesa da Compet\u00eancia Constitucional da Justi\u00e7a do Trabalho&#8221;, na sede da Ordem dos Advogados do Brasil em S\u00e3o Paulo, subscrita por 67 entidades representativas de diferentes \u00e1reas do direito, al\u00e9m de mais de duas mil pessoas da sociedade civil.<\/p>\n<p><strong>Confira o convoca\u00e7\u00e3o:<\/strong><\/p>\n<div class=\"epyt-video-wrapper\"><iframe loading=\"lazy\"  style=\"display: block; margin: 0px auto;\"  id=\"_ytid_34255\"  width=\"480\" height=\"270\"  data-origwidth=\"480\" data-origheight=\"270\" src=\"https:\/\/www.youtube.com\/embed\/MaMrAtt7Fhs?enablejsapi=1&#038;autoplay=1&#038;cc_load_policy=0&#038;cc_lang_pref=&#038;iv_load_policy=1&#038;loop=0&#038;rel=1&#038;fs=1&#038;playsinline=0&#038;autohide=2&#038;theme=dark&#038;color=red&#038;controls=1&#038;disablekb=0&#038;\" class=\"__youtube_prefs__  epyt-is-override  no-lazyload\" title=\"YouTube player\"  allow=\"fullscreen; accelerometer; autoplay; clipboard-write; encrypted-media; gyroscope; picture-in-picture; web-share\" referrerpolicy=\"strict-origin-when-cross-origin\" allowfullscreen data-no-lazy=\"1\" data-skipgform_ajax_framebjll=\"\"><\/iframe><\/div>\n<!-- AddThis Advanced Settings generic via filter on the_content --><!-- AddThis Share Buttons generic via filter on the_content -->","protected":false},"excerpt":{"rendered":"<p>26\/02\/2024 No pr\u00f3ximo dia 28 de fevereiro, entidades de Curitiba realizar\u00e3o um ato em defesa da compet\u00eancia da Justi\u00e7a do Trabalho. A manifesta\u00e7\u00e3o faz parte um movimento nacional que promover\u00e1 a\u00e7\u00f5es simult\u00e2neas em mais de 20 grandes cidades. O movimento em defesa da Justi\u00e7a do Trabalho come\u00e7ou no ano passado, com o lan\u00e7amento da &#8220;Carta [&hellip;]<!-- AddThis Advanced Settings generic via filter on wp_trim_excerpt --><!-- AddThis Share Buttons generic via filter on wp_trim_excerpt --><\/p>\n","protected":false},"author":3,"featured_media":0,"comment_status":"closed","ping_status":"open","sticky":false,"template":"","format":"standard","meta":{"footnotes":""},"categories":[7,18,13],"tags":[],"class_list":["post-4547","post","type-post","status-publish","format-standard","hentry","category-arquivo-de-noticias","category-destaque","category-home"],"_links":{"self":[{"href":"https:\/\/sinpes.org.br\/site\/wp-json\/wp\/v2\/posts\/4547","targetHints":{"allow":["GET"]}}],"collection":[{"href":"https:\/\/sinpes.org.br\/site\/wp-json\/wp\/v2\/posts"}],"about":[{"href":"https:\/\/sinpes.org.br\/site\/wp-json\/wp\/v2\/types\/post"}],"author":[{"embeddable":true,"href":"https:\/\/sinpes.org.br\/site\/wp-json\/wp\/v2\/users\/3"}],"replies":[{"embeddable":true,"href":"https:\/\/sinpes.org.br\/site\/wp-json\/wp\/v2\/comments?post=4547"}],"version-history":[{"count":1,"href":"https:\/\/sinpes.org.br\/site\/wp-json\/wp\/v2\/posts\/4547\/revisions"}],"predecessor-version":[{"id":4548,"href":"https:\/\/sinpes.org.br\/site\/wp-json\/wp\/v2\/posts\/4547\/revisions\/4548"}],"wp:attachment":[{"href":"https:\/\/sinpes.org.br\/site\/wp-json\/wp\/v2\/media?parent=4547"}],"wp:term":[{"taxonomy":"category","embeddable":true,"href":"https:\/\/sinpes.org.br\/site\/wp-json\/wp\/v2\/categories?post=4547"},{"taxonomy":"post_tag","embeddable":true,"href":"https:\/\/sinpes.org.br\/site\/wp-json\/wp\/v2\/tags?post=4547"}],"curies":[{"name":"wp","href":"https:\/\/api.w.org\/{rel}","templated":true}]}}