{"id":4543,"date":"2024-02-21T09:45:49","date_gmt":"2024-02-21T12:45:49","guid":{"rendered":"https:\/\/sinpes.org.br\/site\/?p=4543"},"modified":"2024-02-21T09:46:45","modified_gmt":"2024-02-21T12:46:45","slug":"ato-em-defesa-da-justica-do-trabalho","status":"publish","type":"post","link":"https:\/\/sinpes.org.br\/site\/ato-em-defesa-da-justica-do-trabalho\/","title":{"rendered":"Ato em Defesa da Justi\u00e7a do Trabalho"},"content":{"rendered":"<p><strong>As entidades que subscrevem o presente convidam todos os interessados para ato em defesa da compet\u00eancia da Justi\u00e7a do Trabalho.\u00a0 O ato faz parte de Movimento em Defesa da Compet\u00eancia da Justi\u00e7a do Trabalho, de abrang\u00eancia nacional.<\/strong><\/p>\n<p>Atentos aos julgamentos proferidos no \u00e2mbito de Reclama\u00e7\u00f5es Constitucionais, invalidando decis\u00f5es proferidas pela Justi\u00e7a do Trabalho e determinando a remessa dos casos e sua an\u00e1lise \u00e0 Justi\u00e7a Comum em processos envolvendo pedidos de reconhecimento de v\u00ednculo de emprego, na forma da Consolida\u00e7\u00e3o das Leis do Trabalho \u2013 CLT, o Movimento vem manifestar apoio irrestrito \u00e0 preserva\u00e7\u00e3o da compet\u00eancia constitucional da Justi\u00e7a do Trabalho na forma estabelecida pela reda\u00e7\u00e3o do artigo 114 da Constitui\u00e7\u00e3o Federal atribu\u00edda pela Emenda Constitucional 45, de 2004.<\/p>\n<p>Multiplicam-se discuss\u00f5es sobre diversas modalidades de trabalho e a caracteriza\u00e7\u00e3o ou n\u00e3o de v\u00ednculo de emprego em cada uma delas. Nesse contexto, induvidoso que por imperativo constitucional e por sua voca\u00e7\u00e3o hist\u00f3rica \u00e9 a Justi\u00e7a do Trabalho que se encontra aparelhada e revestida de sensibilidade social para dirimir conflitos, examinando quest\u00f5es f\u00e1ticas e identificando ou n\u00e3o a exist\u00eancia do v\u00ednculo de emprego delineado pelos artigos 2\u00ba e 3\u00ba da CLT, assim como eventual conduta fraudulenta de quaisquer dos part\u00edcipes da rela\u00e7\u00e3o jur\u00eddica material.<\/p>\n<p>A Justi\u00e7a do Trabalho tem atuado de forma imparcial, c\u00e9lere e eficaz para deslindar conflitos, exercendo um papel ativo na constru\u00e7\u00e3o e interpreta\u00e7\u00e3o das disposi\u00e7\u00f5es celetistas, normas constitucionais e legisla\u00e7\u00e3o infraconstitucional, por meio de suas decis\u00f5es e jurisprud\u00eancia, figurando como importante instrumento de promo\u00e7\u00e3o da Justi\u00e7a Social e da Equidade.<\/p>\n<p><strong>Nesse contexto, as entidades que subscrevem a presente manifesta\u00e7\u00e3o entendem que se mostra fundamental que a sociedade como um todo se mobilize em defesa da Justi\u00e7a do Trabalho, a fim de evitar o enfraquecimento e esvaziamento dessa institui\u00e7\u00e3o que tanto tem colaborado para a o implemento do di\u00e1logo entre o Capital e o Trabalho e o implemento da paz social. <\/strong><\/p>\n<p><strong>Participe!<\/strong><\/p>\n<p><strong>Associa\u00e7\u00e3o da Advocacia Trabalhista do Paran\u00e1 \/ ABRAT\/ AMATRA IX\/SINPES<\/strong><\/p>\n<p><strong>Data: 28\/02\/2024<\/strong><\/p>\n<p><strong>Hor\u00e1rio: 13h00min<\/strong><\/p>\n<p><strong>Local: F\u00f3rum da Justi\u00e7a do Trabalho &#8211; R. Vicente Machado, 400 &#8211; Centro, Curitiba \u2013 PR<\/strong><\/p>\n<p>&nbsp;<\/p>\n<!-- AddThis Advanced Settings generic via filter on the_content --><!-- AddThis Share Buttons generic via filter on the_content -->","protected":false},"excerpt":{"rendered":"<p>As entidades que subscrevem o presente convidam todos os interessados para ato em defesa da compet\u00eancia da Justi\u00e7a do Trabalho.\u00a0 O ato faz parte de Movimento em Defesa da Compet\u00eancia da Justi\u00e7a do Trabalho, de abrang\u00eancia nacional. Atentos aos julgamentos proferidos no \u00e2mbito de Reclama\u00e7\u00f5es Constitucionais, invalidando decis\u00f5es proferidas pela Justi\u00e7a do Trabalho e determinando [&hellip;]<!-- AddThis Advanced Settings generic via filter on wp_trim_excerpt --><!-- AddThis Share Buttons generic via filter on wp_trim_excerpt --><\/p>\n","protected":false},"author":3,"featured_media":0,"comment_status":"closed","ping_status":"open","sticky":false,"template":"","format":"standard","meta":{"footnotes":""},"categories":[7,18,13],"tags":[429,969,968,428,324,408,767,523,404,62],"class_list":["post-4543","post","type-post","status-publish","format-standard","hentry","category-arquivo-de-noticias","category-destaque","category-home","tag-abrat","tag-advogados","tag-anamatra","tag-direito-trabalhista","tag-justica-do-trabalho","tag-manifestacao","tag-oab","tag-protesto","tag-sindicato","tag-sinpes"],"_links":{"self":[{"href":"https:\/\/sinpes.org.br\/site\/wp-json\/wp\/v2\/posts\/4543","targetHints":{"allow":["GET"]}}],"collection":[{"href":"https:\/\/sinpes.org.br\/site\/wp-json\/wp\/v2\/posts"}],"about":[{"href":"https:\/\/sinpes.org.br\/site\/wp-json\/wp\/v2\/types\/post"}],"author":[{"embeddable":true,"href":"https:\/\/sinpes.org.br\/site\/wp-json\/wp\/v2\/users\/3"}],"replies":[{"embeddable":true,"href":"https:\/\/sinpes.org.br\/site\/wp-json\/wp\/v2\/comments?post=4543"}],"version-history":[{"count":2,"href":"https:\/\/sinpes.org.br\/site\/wp-json\/wp\/v2\/posts\/4543\/revisions"}],"predecessor-version":[{"id":4545,"href":"https:\/\/sinpes.org.br\/site\/wp-json\/wp\/v2\/posts\/4543\/revisions\/4545"}],"wp:attachment":[{"href":"https:\/\/sinpes.org.br\/site\/wp-json\/wp\/v2\/media?parent=4543"}],"wp:term":[{"taxonomy":"category","embeddable":true,"href":"https:\/\/sinpes.org.br\/site\/wp-json\/wp\/v2\/categories?post=4543"},{"taxonomy":"post_tag","embeddable":true,"href":"https:\/\/sinpes.org.br\/site\/wp-json\/wp\/v2\/tags?post=4543"}],"curies":[{"name":"wp","href":"https:\/\/api.w.org\/{rel}","templated":true}]}}