{"id":4539,"date":"2024-02-08T18:51:44","date_gmt":"2024-02-08T21:51:44","guid":{"rendered":"https:\/\/sinpes.org.br\/site\/?p=4539"},"modified":"2024-02-08T18:51:44","modified_gmt":"2024-02-08T21:51:44","slug":"sinpes-convoca-professores-para-deliberar-sobre-cct-2024","status":"publish","type":"post","link":"https:\/\/sinpes.org.br\/site\/sinpes-convoca-professores-para-deliberar-sobre-cct-2024\/","title":{"rendered":"SINPES CONVOCA PROFESSORES PARA DELIBERAR SOBRE CCT 2024"},"content":{"rendered":"<p><strong>08\/02\/2024<\/strong><\/p>\n<p>O Sinpes convoca todos os professores de Curitiba e Regi\u00e3o Metropolitana para deliberarem sobre a assinatura de nova Conven\u00e7\u00e3o Coletiva de Trabalho (CCT) vigente a partir de mar\u00e7o de 2024.<\/p>\n<p>A proposta formulada pelo SINEPE \u00e9 de manuten\u00e7\u00e3o das Cl\u00e1usulas Sociais da CCT vigente e a reposi\u00e7\u00e3o da infla\u00e7\u00e3o do per\u00edodo compreendido <b>entre mar\u00e7o de 2023 e fevereiro de 2024 a partir do m\u00eas de mar\u00e7o de 2024<\/b>.<\/p>\n<p>Se aprovada, a proposta o INPC desse per\u00edodo de doze meses incidir\u00e1 sobre os sal\u00e1rios reajustados em fevereiro de 2024 garantido pela CCT 2023\/2024, no percentual de 1,36%.<\/p>\n<p>As discuss\u00f5es sobre a f\u00f3rmula do reajuste iniciaram com a realiza\u00e7\u00e3o de assembleia geral realizada em 08\/02\/2024, quinta-feira.<\/p>\n<p>A assembleia permanece convocada at\u00e9 24h00min do dia 16.02.2024, servindo a manifesta\u00e7\u00e3o identificada do professor como assinatura da lista de presen\u00e7a, necess\u00e1ria para que a delibera\u00e7\u00e3o tenha validade.<\/p>\n<p>A infla\u00e7\u00e3o acumulada dos \u00faltimos doze meses \u2013 entre fevereiro de 2023 e janeiro de 2024 \u2013 chegou em 3,82%. Estima-se que o \u00edndice com o c\u00f4mputo do m\u00eas de fevereiro seja pr\u00f3ximo do atual, j\u00e1 que n\u00e3o existem indicativos nem de aumento nem de diminui\u00e7\u00e3o dr\u00e1stica da infla\u00e7\u00e3o. Sendo assim, o reajuste corresponde \u00e0 varia\u00e7\u00e3o do INPC entre mar\u00e7o de 2023 e fevereiro de 2024 come\u00e7ando a incidir em 1\u00ba de mar\u00e7o de 2024.<\/p>\n<p>O Sinpes orienta os professores a votarem em favor do que foi ajustado, evitando que a posterga\u00e7\u00e3o da decis\u00e3o acabe redundando em preju\u00edzos para a categoria, com a proposi\u00e7\u00e3o patronal para pagamento dos valores em atraso atrav\u00e9s de abonos, que n\u00e3o integram a remunera\u00e7\u00e3o.<\/p>\n<p><strong>Vote no\u00a0 link: <a href=\"https:\/\/docs.google.com\/forms\/d\/e\/1FAIpQLSeSLl_a1ao1b2uC_agoDUjbxRFwgHXx3pKE4_LhLP2grfmqdw\/viewform?vc=0&amp;c=0&amp;w=1&amp;flr=0\">https:\/\/docs.google.com\/forms\/d\/e\/1FAIpQLSeSLl_a1ao1b2uC_agoDUjbxRFwgHXx3pKE4_LhLP2grfmqdw\/viewform?vc=0&amp;c=0&amp;w=1&amp;flr=0<\/a><\/strong><\/p>\n<!-- AddThis Advanced Settings generic via filter on the_content --><!-- AddThis Share Buttons generic via filter on the_content -->","protected":false},"excerpt":{"rendered":"<p>08\/02\/2024 O Sinpes convoca todos os professores de Curitiba e Regi\u00e3o Metropolitana para deliberarem sobre a assinatura de nova Conven\u00e7\u00e3o Coletiva de Trabalho (CCT) vigente a partir de mar\u00e7o de 2024. A proposta formulada pelo SINEPE \u00e9 de manuten\u00e7\u00e3o das Cl\u00e1usulas Sociais da CCT vigente e a reposi\u00e7\u00e3o da infla\u00e7\u00e3o do per\u00edodo compreendido entre mar\u00e7o [&hellip;]<!-- AddThis Advanced Settings generic via filter on wp_trim_excerpt --><!-- AddThis Share Buttons generic via filter on wp_trim_excerpt --><\/p>\n","protected":false},"author":3,"featured_media":0,"comment_status":"closed","ping_status":"open","sticky":false,"template":"","format":"standard","meta":{"footnotes":""},"categories":[7,18,13],"tags":[305,331,965,392,761,371,966,967],"class_list":["post-4539","post","type-post","status-publish","format-standard","hentry","category-arquivo-de-noticias","category-destaque","category-home","tag-assembleia","tag-cct","tag-cct-2023-2024","tag-convencao-coletiva","tag-reajuste","tag-salarios","tag-voltacao","tag-votacao-online"],"_links":{"self":[{"href":"https:\/\/sinpes.org.br\/site\/wp-json\/wp\/v2\/posts\/4539","targetHints":{"allow":["GET"]}}],"collection":[{"href":"https:\/\/sinpes.org.br\/site\/wp-json\/wp\/v2\/posts"}],"about":[{"href":"https:\/\/sinpes.org.br\/site\/wp-json\/wp\/v2\/types\/post"}],"author":[{"embeddable":true,"href":"https:\/\/sinpes.org.br\/site\/wp-json\/wp\/v2\/users\/3"}],"replies":[{"embeddable":true,"href":"https:\/\/sinpes.org.br\/site\/wp-json\/wp\/v2\/comments?post=4539"}],"version-history":[{"count":1,"href":"https:\/\/sinpes.org.br\/site\/wp-json\/wp\/v2\/posts\/4539\/revisions"}],"predecessor-version":[{"id":4540,"href":"https:\/\/sinpes.org.br\/site\/wp-json\/wp\/v2\/posts\/4539\/revisions\/4540"}],"wp:attachment":[{"href":"https:\/\/sinpes.org.br\/site\/wp-json\/wp\/v2\/media?parent=4539"}],"wp:term":[{"taxonomy":"category","embeddable":true,"href":"https:\/\/sinpes.org.br\/site\/wp-json\/wp\/v2\/categories?post=4539"},{"taxonomy":"post_tag","embeddable":true,"href":"https:\/\/sinpes.org.br\/site\/wp-json\/wp\/v2\/tags?post=4539"}],"curies":[{"name":"wp","href":"https:\/\/api.w.org\/{rel}","templated":true}]}}