{"id":4535,"date":"2024-02-05T15:30:51","date_gmt":"2024-02-05T18:30:51","guid":{"rendered":"https:\/\/sinpes.org.br\/site\/?p=4535"},"modified":"2024-02-05T16:52:28","modified_gmt":"2024-02-05T19:52:28","slug":"sinpes-convoca-categoria-para-assembleia-geral-para-discussao-da-nova-cct","status":"publish","type":"post","link":"https:\/\/sinpes.org.br\/site\/sinpes-convoca-categoria-para-assembleia-geral-para-discussao-da-nova-cct\/","title":{"rendered":"Sinpes convoca categoria para Assembleia Geral para discuss\u00e3o da nova CCT"},"content":{"rendered":"<p><strong>05\/02\/2024<\/strong><\/p>\n<p>O SINPES- Sindicato dos Professores do Ensino Superior de Curitiba e Regi\u00e3o Metropolitana convida a categoria para Assembleia Geral online no dia 08.02.2024 \u00e0s 17h30.<\/p>\n<p>A Assembleia tem como objetivo debater a confec\u00e7\u00e3o da nova Conven\u00e7\u00e3o Coletiva de Trabalho (CCT) 2024\/2025. Na pauta a manuten\u00e7\u00e3o das Cl\u00e1usulas Sociais da CCT vigente e a reposi\u00e7\u00e3o da infla\u00e7\u00e3o do per\u00edodo compreendido entre mar\u00e7o de 2023 e fevereiro de 2024 a partir do m\u00eas de mar\u00e7o. Se aprovada, a proposta o INPC desse per\u00edodo de doze meses incidir\u00e1 sobre os sal\u00e1rios reajustados at\u00e9 fevereiro de 2024.<\/p>\n<p>Importante lembrar que de acordo com o que estabelece a CCT 2023\/2024 todos os professores j\u00e1 tem garantido no m\u00eas de fevereiro de 2024 o percentual de reajuste de 1,36%, o qual corresponde a \u00bc da varia\u00e7\u00e3o do INPC referente ao per\u00edodo compreendido entre mar\u00e7o de 2021 a fevereiro de 2022. Com a incid\u00eancia de ambos os reajustes (o j\u00e1 estabelecido e o ora em discuss\u00e3o) a partir de mar\u00e7o de 2024 os professores obter\u00e3o a recomposi\u00e7\u00e3o da defasagem salarial representada pela infla\u00e7\u00e3o verificada entre 01 de fevereiro de 2021 e 29 de fevereiro de 2023.<\/p>\n<p>As vantagens dessa recomposi\u00e7\u00e3o ser negociada antes da vig\u00eancia da data base \u00e9 evitar que os empregadores pretendam que a recomposi\u00e7\u00e3o de parte da defasagem salarial ocorra mediante os costumeiros abonos que tanto preju\u00edzo causam aos trabalhadores. E n\u00e3o deixar a categoria desabrigada um s\u00f3 dia das cl\u00e1usulas sociais.<\/p>\n<p>Remanesce ainda pendente de recomposi\u00e7\u00e3o o percentual correspondente ao abono de 6,22% concedido aos professores a partir do m\u00eas de mar\u00e7o de 2021 e ainda n\u00e3o incorporado ao sal\u00e1rio. Esse tema encontra-se na pauta de negocia\u00e7\u00e3o para a pr\u00f3xima CCT, com vig\u00eancia a partir de 01.03.2025.<\/p>\n<p>Na Assembleia a proposta alinhavada com o SINEPE poder\u00e1 ser aprovada ou rejeitada.<\/p>\n<p>A Assembleia acontece no dia 08.02.2024 \u00e0s 17h30 em segunda chamada por meio da plataforma ZOOM.<\/p>\n<p><strong>O link de acesso \u00e9 o seguinte: <\/strong><\/p>\n<p><a href=\"https:\/\/us06web.zoom.us\/j\/87350772200?pwd=ODedaZqig2aDobwqIFED8vuaJqMs45.1\">https:\/\/us06web.zoom.us\/j\/87350772200?pwd=ODedaZqig2aDobwqIFED8vuaJqMs45.1<\/a><\/p>\n<p><strong>ID da reuni\u00e3o:<\/strong> 873 5077 2200<\/p>\n<p><strong>Senha:<\/strong> 229907<\/p>\n<p>&nbsp;<\/p>\n<p><strong>TODOS \u00c0 ASSEMBLEIA DE QUINTA-FEIRA!<\/strong><\/p>\n<!-- AddThis Advanced Settings generic via filter on the_content --><!-- AddThis Share Buttons generic via filter on the_content -->","protected":false},"excerpt":{"rendered":"<p>05\/02\/2024 O SINPES- Sindicato dos Professores do Ensino Superior de Curitiba e Regi\u00e3o Metropolitana convida a categoria para Assembleia Geral online no dia 08.02.2024 \u00e0s 17h30. A Assembleia tem como objetivo debater a confec\u00e7\u00e3o da nova Conven\u00e7\u00e3o Coletiva de Trabalho (CCT) 2024\/2025. Na pauta a manuten\u00e7\u00e3o das Cl\u00e1usulas Sociais da CCT vigente e a reposi\u00e7\u00e3o [&hellip;]<!-- AddThis Advanced Settings generic via filter on wp_trim_excerpt --><!-- AddThis Share Buttons generic via filter on wp_trim_excerpt --><\/p>\n","protected":false},"author":3,"featured_media":0,"comment_status":"closed","ping_status":"open","sticky":false,"template":"","format":"standard","meta":{"footnotes":""},"categories":[7,18,13],"tags":[305,963,392,964,404,68],"class_list":["post-4535","post","type-post","status-publish","format-standard","hentry","category-arquivo-de-noticias","category-destaque","category-home","tag-assembleia","tag-cct-2024-2025","tag-convencao-coletiva","tag-evento","tag-sindicato","tag-sinepe"],"_links":{"self":[{"href":"https:\/\/sinpes.org.br\/site\/wp-json\/wp\/v2\/posts\/4535","targetHints":{"allow":["GET"]}}],"collection":[{"href":"https:\/\/sinpes.org.br\/site\/wp-json\/wp\/v2\/posts"}],"about":[{"href":"https:\/\/sinpes.org.br\/site\/wp-json\/wp\/v2\/types\/post"}],"author":[{"embeddable":true,"href":"https:\/\/sinpes.org.br\/site\/wp-json\/wp\/v2\/users\/3"}],"replies":[{"embeddable":true,"href":"https:\/\/sinpes.org.br\/site\/wp-json\/wp\/v2\/comments?post=4535"}],"version-history":[{"count":2,"href":"https:\/\/sinpes.org.br\/site\/wp-json\/wp\/v2\/posts\/4535\/revisions"}],"predecessor-version":[{"id":4537,"href":"https:\/\/sinpes.org.br\/site\/wp-json\/wp\/v2\/posts\/4535\/revisions\/4537"}],"wp:attachment":[{"href":"https:\/\/sinpes.org.br\/site\/wp-json\/wp\/v2\/media?parent=4535"}],"wp:term":[{"taxonomy":"category","embeddable":true,"href":"https:\/\/sinpes.org.br\/site\/wp-json\/wp\/v2\/categories?post=4535"},{"taxonomy":"post_tag","embeddable":true,"href":"https:\/\/sinpes.org.br\/site\/wp-json\/wp\/v2\/tags?post=4535"}],"curies":[{"name":"wp","href":"https:\/\/api.w.org\/{rel}","templated":true}]}}