{"id":4533,"date":"2024-02-02T14:30:05","date_gmt":"2024-02-02T17:30:05","guid":{"rendered":"https:\/\/sinpes.org.br\/site\/?p=4533"},"modified":"2024-02-02T14:30:05","modified_gmt":"2024-02-02T17:30:05","slug":"professores-as-da-espirita-recebem-mais-uma-parcela-da-acao-movida-pelo-sindicato-ha-mais-de-20-anos","status":"publish","type":"post","link":"https:\/\/sinpes.org.br\/site\/professores-as-da-espirita-recebem-mais-uma-parcela-da-acao-movida-pelo-sindicato-ha-mais-de-20-anos\/","title":{"rendered":"Professores\/as da Esp\u00edrita recebem mais uma parcela da A\u00e7\u00e3o movida pelo sindicato h\u00e1 mais de 20 anos"},"content":{"rendered":"<p><strong>02\/02\/2024<\/strong><\/p>\n<p>No apagar das luzes de 2023 ex-professores e professoras das Faculdades Esp\u00edrita receberam uma excelente not\u00edcia: o pagamento de parte dos valores correspondentes \u00e0 a\u00e7\u00e3o de n\u00famero de n\u00ba 1677300-46.2001.5.09.0006. Ela foi movida pelo Sinpes em 17.09.2001, com o objetivo de pleitear multas decorrentes de atraso salarial e FGTS devidos pela Esp\u00edrita.<\/p>\n<p>O pagamento imediato havia sido indeferido pela Ju\u00edza Titular da 06\u00aa Vara do Trabalho de Curitiba, Dra. Ana Maria S\u00e3o Jo\u00e3o, que entendeu necess\u00e1ria intima\u00e7\u00e3o pessoal do Administrador das Faculdades Esp\u00edrita para que fosse liberado o numer\u00e1rio.<\/p>\n<p>O SINPES impetrou mandado de seguran\u00e7a contra a decis\u00e3o, ponderando que as Faculdades Esp\u00edrita (e tamb\u00e9m seus Administradores) j\u00e1 estavam suficientemente cientes do andamento dos autos, n\u00e3o tendo feito qualquer oposi\u00e7\u00e3o aos valores apresentados pelo sindicato e endossados por Contador da confian\u00e7a do Ju\u00edzo.<\/p>\n<p>Ponderou ainda que o \u00faltimo Administrador deixou o encargo h\u00e1 muitos meses sem perspectiva de nomea\u00e7\u00e3o de outro a curto prazo, n\u00e3o fazendo sentido que os professores tivessem postergado o recebimento de valores pleiteados h\u00e1 mais de duas d\u00e9cadas.<\/p>\n<p>A tese sensibilizou o Desembargador Relator do Mandado de Seguran\u00e7a, Dr. Fabr\u00edcio Nicolau dos Santos, o qual mandou liberar imediatamente os valores retidos. Boa parte dos pagamentos foi feito pelo Sinpes ainda no per\u00edodo de recesso da Justi\u00e7a do Trabalho. Os dep\u00f3sitos do FGTS dever\u00e3o ser feitos pela Secretaria da 6\u00aa Vara conforme procedimento adotado em rela\u00e7\u00e3o \u00e0s outras parcelas.<\/p>\n<p>Foram beneficiados mais de 300 professores\/as que trabalharam nas Faculdades Esp\u00edrita entre setembro de 1996 e abril de 2007. Mesmo com essa terceira libera\u00e7\u00e3o n\u00e3o foram ainda quitados integralmente os cr\u00e9ditos, raz\u00e3o pela qual o processo continua aberto a espera de novos bens que possam ser vendidos para pagamento integral dos valores devidos.<\/p>\n<p>&nbsp;<\/p>\n<!-- AddThis Advanced Settings generic via filter on the_content --><!-- AddThis Share Buttons generic via filter on the_content -->","protected":false},"excerpt":{"rendered":"<p>02\/02\/2024 No apagar das luzes de 2023 ex-professores e professoras das Faculdades Esp\u00edrita receberam uma excelente not\u00edcia: o pagamento de parte dos valores correspondentes \u00e0 a\u00e7\u00e3o de n\u00famero de n\u00ba 1677300-46.2001.5.09.0006. Ela foi movida pelo Sinpes em 17.09.2001, com o objetivo de pleitear multas decorrentes de atraso salarial e FGTS devidos pela Esp\u00edrita. O pagamento [&hellip;]<!-- AddThis Advanced Settings generic via filter on wp_trim_excerpt --><!-- AddThis Share Buttons generic via filter on wp_trim_excerpt --><\/p>\n","protected":false},"author":3,"featured_media":0,"comment_status":"closed","ping_status":"open","sticky":false,"template":"","format":"standard","meta":{"footnotes":""},"categories":[7,18,3,13],"tags":[24,44,168,134,376,425,404,62],"class_list":["post-4533","post","type-post","status-publish","format-standard","hentry","category-arquivo-de-noticias","category-destaque","category-espirita","category-home","tag-acao","tag-espirita","tag-fgts","tag-indenizacao","tag-pagamento","tag-professores-da-espirita","tag-sindicato","tag-sinpes"],"_links":{"self":[{"href":"https:\/\/sinpes.org.br\/site\/wp-json\/wp\/v2\/posts\/4533","targetHints":{"allow":["GET"]}}],"collection":[{"href":"https:\/\/sinpes.org.br\/site\/wp-json\/wp\/v2\/posts"}],"about":[{"href":"https:\/\/sinpes.org.br\/site\/wp-json\/wp\/v2\/types\/post"}],"author":[{"embeddable":true,"href":"https:\/\/sinpes.org.br\/site\/wp-json\/wp\/v2\/users\/3"}],"replies":[{"embeddable":true,"href":"https:\/\/sinpes.org.br\/site\/wp-json\/wp\/v2\/comments?post=4533"}],"version-history":[{"count":1,"href":"https:\/\/sinpes.org.br\/site\/wp-json\/wp\/v2\/posts\/4533\/revisions"}],"predecessor-version":[{"id":4534,"href":"https:\/\/sinpes.org.br\/site\/wp-json\/wp\/v2\/posts\/4533\/revisions\/4534"}],"wp:attachment":[{"href":"https:\/\/sinpes.org.br\/site\/wp-json\/wp\/v2\/media?parent=4533"}],"wp:term":[{"taxonomy":"category","embeddable":true,"href":"https:\/\/sinpes.org.br\/site\/wp-json\/wp\/v2\/categories?post=4533"},{"taxonomy":"post_tag","embeddable":true,"href":"https:\/\/sinpes.org.br\/site\/wp-json\/wp\/v2\/tags?post=4533"}],"curies":[{"name":"wp","href":"https:\/\/api.w.org\/{rel}","templated":true}]}}