{"id":4513,"date":"2023-11-24T10:33:24","date_gmt":"2023-11-24T13:33:24","guid":{"rendered":"https:\/\/sinpes.org.br\/site\/?p=4513"},"modified":"2023-11-24T10:33:24","modified_gmt":"2023-11-24T13:33:24","slug":"novo-plano-de-cargos-e-salarios-do-pucpr-negociacoes-prosseguem","status":"publish","type":"post","link":"https:\/\/sinpes.org.br\/site\/novo-plano-de-cargos-e-salarios-do-pucpr-negociacoes-prosseguem\/","title":{"rendered":"Novo Plano de Cargos e Sal\u00e1rios do PUCPR: Negocia\u00e7\u00f5es Prosseguem"},"content":{"rendered":"<p><strong>25\/11\/2023<\/strong><\/p>\n<p>Prosseguem as negocia\u00e7\u00f5es entre o Sinpes e a Pontif\u00edcia Universidade Cat\u00f3lica do Paran\u00e1 (PUC-PR) a prop\u00f3sito do aperfei\u00e7oamento do Plano de Cargos e Sal\u00e1rios dos docentes da PUC.<\/p>\n<p>Com exce\u00e7\u00e3o do restabelecimento dos quinqu\u00eanios e tri\u00eanios e da elimina\u00e7\u00e3o da avalia\u00e7\u00e3o institucional dos alunos como elemento balizador das promo\u00e7\u00f5es e ascens\u00f5es funcionais, reivindica\u00e7\u00f5es postuladas, respectivamente, por 98% e 97,5% dos professores que responderam a pesquisa feita pelo Sinpes no final do primeiro semestre, a PUCPR tem se mostrado flex\u00edvel e receptiva em rela\u00e7\u00e3o \u00e0s teses sustentadas pelos docentes ao responderem a consulta que lhes foi submetida pelo seu sindicato de classe.<\/p>\n<p>O resultado da vota\u00e7\u00e3o inspirou a postura dos dirigentes do Sinpes nas negocia\u00e7\u00f5es em andamento.<\/p>\n<p>At\u00e9 o final do ano o Sinpes espera que as partes cheguem a um texto consensual enxuto em que as progress\u00f5es e ascens\u00f5es funcionais sejam realizadas a partir de crit\u00e9rios objetivos e transparentes, sem equa\u00e7\u00f5es complexas e inintelig\u00edveis, com a possibilidade de acompanhamento pelos interessados.<\/p>\n<p>Se as partes chegarem a esse denominador comum j\u00e1 nas primeiras semanas do pr\u00f3ximo semestre letivo, o Sinpes distribuir\u00e1 urnas nas salas dos professores. Essas urnas ter\u00e3o como objetivo colher sugest\u00f5es de quesitos objetivos de avalia\u00e7\u00e3o que valorizem a atua\u00e7\u00e3o dos docentes em benef\u00edcio de sua atividade educacional dentro e fora do ambiente acad\u00eamico. Tais contribui\u00e7\u00f5es tamb\u00e9m poder\u00e3o ser encaminhadas <em>on line<\/em>. A ideia \u00e9 retomar, nesse aspecto, o ponto de equil\u00edbrio da distribui\u00e7\u00e3o de quesitos ostentado pelo plano anterior.<\/p>\n<!-- AddThis Advanced Settings generic via filter on the_content --><!-- AddThis Share Buttons generic via filter on the_content -->","protected":false},"excerpt":{"rendered":"<p>25\/11\/2023 Prosseguem as negocia\u00e7\u00f5es entre o Sinpes e a Pontif\u00edcia Universidade Cat\u00f3lica do Paran\u00e1 (PUC-PR) a prop\u00f3sito do aperfei\u00e7oamento do Plano de Cargos e Sal\u00e1rios dos docentes da PUC. Com exce\u00e7\u00e3o do restabelecimento dos quinqu\u00eanios e tri\u00eanios e da elimina\u00e7\u00e3o da avalia\u00e7\u00e3o institucional dos alunos como elemento balizador das promo\u00e7\u00f5es e ascens\u00f5es funcionais, reivindica\u00e7\u00f5es postuladas, [&hellip;]<!-- AddThis Advanced Settings generic via filter on wp_trim_excerpt --><!-- AddThis Share Buttons generic via filter on wp_trim_excerpt --><\/p>\n","protected":false},"author":3,"featured_media":0,"comment_status":"closed","ping_status":"open","sticky":false,"template":"","format":"standard","meta":{"footnotes":""},"categories":[7,18,13,2],"tags":[486,374,635,61,418,903],"class_list":["post-4513","post","type-post","status-publish","format-standard","hentry","category-arquivo-de-noticias","category-destaque","category-home","category-puc","tag-acordo-puc","tag-plano-de-cargos-e-salarios","tag-professores-da-puc","tag-puc","tag-pucpr","tag-votacao-puc"],"_links":{"self":[{"href":"https:\/\/sinpes.org.br\/site\/wp-json\/wp\/v2\/posts\/4513","targetHints":{"allow":["GET"]}}],"collection":[{"href":"https:\/\/sinpes.org.br\/site\/wp-json\/wp\/v2\/posts"}],"about":[{"href":"https:\/\/sinpes.org.br\/site\/wp-json\/wp\/v2\/types\/post"}],"author":[{"embeddable":true,"href":"https:\/\/sinpes.org.br\/site\/wp-json\/wp\/v2\/users\/3"}],"replies":[{"embeddable":true,"href":"https:\/\/sinpes.org.br\/site\/wp-json\/wp\/v2\/comments?post=4513"}],"version-history":[{"count":1,"href":"https:\/\/sinpes.org.br\/site\/wp-json\/wp\/v2\/posts\/4513\/revisions"}],"predecessor-version":[{"id":4514,"href":"https:\/\/sinpes.org.br\/site\/wp-json\/wp\/v2\/posts\/4513\/revisions\/4514"}],"wp:attachment":[{"href":"https:\/\/sinpes.org.br\/site\/wp-json\/wp\/v2\/media?parent=4513"}],"wp:term":[{"taxonomy":"category","embeddable":true,"href":"https:\/\/sinpes.org.br\/site\/wp-json\/wp\/v2\/categories?post=4513"},{"taxonomy":"post_tag","embeddable":true,"href":"https:\/\/sinpes.org.br\/site\/wp-json\/wp\/v2\/tags?post=4513"}],"curies":[{"name":"wp","href":"https:\/\/api.w.org\/{rel}","templated":true}]}}