{"id":4509,"date":"2023-11-10T14:04:18","date_gmt":"2023-11-10T17:04:18","guid":{"rendered":"https:\/\/sinpes.org.br\/site\/?p=4509"},"modified":"2023-11-10T14:04:18","modified_gmt":"2023-11-10T17:04:18","slug":"mec-abre-consulta-publica-sobre-cursos-ead-no-ensino-superior","status":"publish","type":"post","link":"https:\/\/sinpes.org.br\/site\/mec-abre-consulta-publica-sobre-cursos-ead-no-ensino-superior\/","title":{"rendered":"MEC abre consulta p\u00fablica sobre cursos EaD no ensino superior"},"content":{"rendered":"<p><strong>10\/11\/2023<\/strong><\/p>\n<p>O\u00a0Minist\u00e9rio da Educa\u00e7\u00e3o (MEC)\u00a0abriu uma consulta p\u00fablica sobre\u00a0cursos de gradua\u00e7\u00e3o na modalidade Ensino \u00e0 Dist\u00e2ncia (EaD).\u00a0\u00c9 uma iniciativa que pretende consultar a sociedade sobre a regula\u00e7\u00e3o da oferta de cursos superiores \u00e0 dist\u00e2ncia e que foi estabelecida pela Portaria n\u00ba 1.838\/2023. A consulta estende-se at\u00e9 o dia 20 de novembro.<\/p>\n<p>Diante dos dados\u00a0do<a href=\"https:\/\/www.gov.br\/secom\/pt-br\/assuntos\/noticias\/2023\/10\/censo-da-educacao-superior-2022-reforca-preocupacao-com-excesso-de-cursos-a-distancia-e-com-a-formacao-de-professores\">\u00a0Censo da Educa\u00e7\u00e3o Superior 2022<\/a>,\u00a0apresentados no in\u00edcio de outubro, o ministro da Educa\u00e7\u00e3o, Camilo Santana, demonstrou preocupa\u00e7\u00e3o com a qualidade dos cursos ofertados pela modalidade EaD.\u00a0Assim, segundo o MEC, o objetivo da consulta \u00e9 aprofundar o di\u00e1logo com diferentes segmentos da sociedade na revis\u00e3o a ser iniciada na regula\u00e7\u00e3o do ensino \u00e0 dist\u00e2ncia nos cursos de n\u00edvel superior.<\/p>\n<p>Os dados do <a href=\"https:\/\/www.gov.br\/secom\/pt-br\/assuntos\/noticias\/2023\/10\/censo-da-educacao-superior-2022-reforca-preocupacao-com-excesso-de-cursos-a-distancia-e-com-a-formacao-de-professores\">\u00a0Censo da Educa\u00e7\u00e3o Superior 2022<\/a> s\u00e3o desanimadores. \u00a0Revelam que, nos \u00faltimos quatro anos, entre 2018 e 2022, o n\u00famero de cursos EaD no Brasil cresceu\u00a0189,1%,\u00a0passando de 3.177 em 2018 para 9.186 em 2022. Das quase\u00a023 milh\u00f5es de vagas ofertadas\u00a0em 2022 no Ensino Superior,\u00a017 milh\u00f5es\u00a0foram para cursos \u00e0 dist\u00e2ncia!<\/p>\n<p>Essa prolifera\u00e7\u00e3o desmedida tem colaborado para uma crescente precariza\u00e7\u00e3o do Ensino, potencializando lucros e proletarizando a m\u00e3o-de-obra docente. Um dos efeitos colaterais do aumento desmedido do Ensino \u00e0 Dist\u00e2ncia \u00e9 a utiliza\u00e7\u00e3o de professores e tutores \u201caut\u00f4nomos\u201d, na contram\u00e3o das normas trabalhistas que garantem prote\u00e7\u00e3o ao trabalho subordinado e do princ\u00edpio da preval\u00eancia da realidade sobre a forma.<\/p>\n<p>A defini\u00e7\u00e3o sobre o volume de atividades que dever\u00e3o ser realizadas de forma presencial ou \u00e0 dist\u00e2ncia \u00e9 estabelecida pelas Diretrizes Curriculares Nacionais (DCNs), as quais orientam tamb\u00e9m quais cursos de gradua\u00e7\u00e3o poder\u00e3o ser autorizados na modalidade EaD.<\/p>\n<p><strong>Diga um rotundo N\u00c3O ao Ensino \u00e0 Dist\u00e2ncia em todos os n\u00edveis. <\/strong><\/p>\n<p><strong>Quanto menos melhor! <\/strong><\/p>\n<p>A consulta p\u00fablica pode ser acessada pelo link: <a href=\"https:\/\/www.gov.br\/participamaisbrasil\/acesso\">https:\/\/www.gov.br\/participamaisbrasil\/acesso<\/a><\/p>\n<!-- AddThis Advanced Settings generic via filter on the_content --><!-- AddThis Share Buttons generic via filter on the_content -->","protected":false},"excerpt":{"rendered":"<p>10\/11\/2023 O\u00a0Minist\u00e9rio da Educa\u00e7\u00e3o (MEC)\u00a0abriu uma consulta p\u00fablica sobre\u00a0cursos de gradua\u00e7\u00e3o na modalidade Ensino \u00e0 Dist\u00e2ncia (EaD).\u00a0\u00c9 uma iniciativa que pretende consultar a sociedade sobre a regula\u00e7\u00e3o da oferta de cursos superiores \u00e0 dist\u00e2ncia e que foi estabelecida pela Portaria n\u00ba 1.838\/2023. A consulta estende-se at\u00e9 o dia 20 de novembro. Diante dos dados\u00a0do\u00a0Censo da [&hellip;]<!-- AddThis Advanced Settings generic via filter on wp_trim_excerpt --><!-- AddThis Share Buttons generic via filter on wp_trim_excerpt --><\/p>\n","protected":false},"author":3,"featured_media":0,"comment_status":"closed","ping_status":"open","sticky":false,"template":"","format":"standard","meta":{"footnotes":""},"categories":[7,18,13],"tags":[786,360,959,82,937,960],"class_list":["post-4509","post","type-post","status-publish","format-standard","hentry","category-arquivo-de-noticias","category-destaque","category-home","tag-consulta","tag-ead","tag-ensino-a-distancia","tag-ensino-superior","tag-mec","tag-qualidade-na-educacao"],"_links":{"self":[{"href":"https:\/\/sinpes.org.br\/site\/wp-json\/wp\/v2\/posts\/4509","targetHints":{"allow":["GET"]}}],"collection":[{"href":"https:\/\/sinpes.org.br\/site\/wp-json\/wp\/v2\/posts"}],"about":[{"href":"https:\/\/sinpes.org.br\/site\/wp-json\/wp\/v2\/types\/post"}],"author":[{"embeddable":true,"href":"https:\/\/sinpes.org.br\/site\/wp-json\/wp\/v2\/users\/3"}],"replies":[{"embeddable":true,"href":"https:\/\/sinpes.org.br\/site\/wp-json\/wp\/v2\/comments?post=4509"}],"version-history":[{"count":1,"href":"https:\/\/sinpes.org.br\/site\/wp-json\/wp\/v2\/posts\/4509\/revisions"}],"predecessor-version":[{"id":4510,"href":"https:\/\/sinpes.org.br\/site\/wp-json\/wp\/v2\/posts\/4509\/revisions\/4510"}],"wp:attachment":[{"href":"https:\/\/sinpes.org.br\/site\/wp-json\/wp\/v2\/media?parent=4509"}],"wp:term":[{"taxonomy":"category","embeddable":true,"href":"https:\/\/sinpes.org.br\/site\/wp-json\/wp\/v2\/categories?post=4509"},{"taxonomy":"post_tag","embeddable":true,"href":"https:\/\/sinpes.org.br\/site\/wp-json\/wp\/v2\/tags?post=4509"}],"curies":[{"name":"wp","href":"https:\/\/api.w.org\/{rel}","templated":true}]}}