{"id":4501,"date":"2023-10-18T17:06:44","date_gmt":"2023-10-18T20:06:44","guid":{"rendered":"https:\/\/sinpes.org.br\/site\/?p=4501"},"modified":"2023-10-18T17:06:44","modified_gmt":"2023-10-18T20:06:44","slug":"formulario-de-votacao-professores-as-da-assenar","status":"publish","type":"post","link":"https:\/\/sinpes.org.br\/site\/formulario-de-votacao-professores-as-da-assenar\/","title":{"rendered":"Formul\u00e1rio de vota\u00e7\u00e3o professores\/as da Assenar"},"content":{"rendered":"<p>O SINPES convoca os professores da ASSENAR para votar, at\u00e9 as <strong>23h59 do dia 20\/10\/2023<\/strong>, para aprova\u00e7\u00e3o ou rejei\u00e7\u00e3o do Acordo Trabalhista entabulado entre sindicato e ASSENAR voltado para o ressarcimento parcial daqueles docentes que tiveram gastos durante o per\u00edodo de pandemia, para ministrar aulas online em regime de tele trabalho a partir de mar\u00e7o de 2020.<\/p>\n<p><strong>Professor\/a, vote pelo link:<\/strong>\u00a0<a href=\"https:\/\/docs.google.com\/forms\/d\/e\/1FAIpQLSefBjxAeUi5-X_K9soMEx8B4B9EcXxYZbbPm3INbVuHSGDaHw\/viewform?vc=0&amp;c=0&amp;w=1&amp;flr=0\">https:\/\/docs.google.com\/forms\/d\/e\/1FAIpQLSefBjxAeUi5-X_K9soMEx8B4B9EcXxYZbbPm3INbVuHSGDaHw\/viewform?vc=0&amp;c=0&amp;w=1&amp;flr=0<\/a><\/p>\n<!-- AddThis Advanced Settings generic via filter on the_content --><!-- AddThis Share Buttons generic via filter on the_content -->","protected":false},"excerpt":{"rendered":"<p>O SINPES convoca os professores da ASSENAR para votar, at\u00e9 as 23h59 do dia 20\/10\/2023, para aprova\u00e7\u00e3o ou rejei\u00e7\u00e3o do Acordo Trabalhista entabulado entre sindicato e ASSENAR voltado para o ressarcimento parcial daqueles docentes que tiveram gastos durante o per\u00edodo de pandemia, para ministrar aulas online em regime de tele trabalho a partir de mar\u00e7o [&hellip;]<!-- AddThis Advanced Settings generic via filter on wp_trim_excerpt --><!-- AddThis Share Buttons generic via filter on wp_trim_excerpt --><\/p>\n","protected":false},"author":3,"featured_media":0,"comment_status":"closed","ping_status":"open","sticky":false,"template":"","format":"standard","meta":{"footnotes":""},"categories":[18,13],"tags":[305,290,958,538],"class_list":["post-4501","post","type-post","status-publish","format-standard","hentry","category-destaque","category-home","tag-assembleia","tag-assenar","tag-professores-da-assenar","tag-votacao"],"_links":{"self":[{"href":"https:\/\/sinpes.org.br\/site\/wp-json\/wp\/v2\/posts\/4501","targetHints":{"allow":["GET"]}}],"collection":[{"href":"https:\/\/sinpes.org.br\/site\/wp-json\/wp\/v2\/posts"}],"about":[{"href":"https:\/\/sinpes.org.br\/site\/wp-json\/wp\/v2\/types\/post"}],"author":[{"embeddable":true,"href":"https:\/\/sinpes.org.br\/site\/wp-json\/wp\/v2\/users\/3"}],"replies":[{"embeddable":true,"href":"https:\/\/sinpes.org.br\/site\/wp-json\/wp\/v2\/comments?post=4501"}],"version-history":[{"count":1,"href":"https:\/\/sinpes.org.br\/site\/wp-json\/wp\/v2\/posts\/4501\/revisions"}],"predecessor-version":[{"id":4502,"href":"https:\/\/sinpes.org.br\/site\/wp-json\/wp\/v2\/posts\/4501\/revisions\/4502"}],"wp:attachment":[{"href":"https:\/\/sinpes.org.br\/site\/wp-json\/wp\/v2\/media?parent=4501"}],"wp:term":[{"taxonomy":"category","embeddable":true,"href":"https:\/\/sinpes.org.br\/site\/wp-json\/wp\/v2\/categories?post=4501"},{"taxonomy":"post_tag","embeddable":true,"href":"https:\/\/sinpes.org.br\/site\/wp-json\/wp\/v2\/tags?post=4501"}],"curies":[{"name":"wp","href":"https:\/\/api.w.org\/{rel}","templated":true}]}}