{"id":4478,"date":"2023-10-11T09:14:23","date_gmt":"2023-10-11T12:14:23","guid":{"rendered":"https:\/\/sinpes.org.br\/site\/?p=4478"},"modified":"2025-03-24T08:00:57","modified_gmt":"2025-03-24T11:00:57","slug":"sinpes-convoca-professores-as-da-assenar-para-assembleia-virtual","status":"publish","type":"post","link":"https:\/\/sinpes.org.br\/site\/sinpes-convoca-professores-as-da-assenar-para-assembleia-virtual\/","title":{"rendered":"Sinpes convoca professores\/as da Assenar para Assembleia Virtual"},"content":{"rendered":"<p><strong>11\/10\/2023<\/strong><\/p>\n<p>O Sindicato dos Professores de Ensino Superior de Curitiba e Regi\u00e3o Metropolitana \u2013 SINPES &#8211; convoca os professores da ASSENAR para Assembleia Geral Virtual a ser realizada no dia 18 de outubro de 2023 \u00e0s 17h00mim em segunda convoca\u00e7\u00e3o.<\/p>\n<p>A Assembleia tem como objetivo debater a aprova\u00e7\u00e3o ou rejei\u00e7\u00e3o de acordo trabalhista entabulado entre o Sinpes e a ASSENAR nos autos de n\u00famero 0000704- 91.2021.5.09.0651 que trata sobre Home Office.<\/p>\n<p>No ano de 2021, o Sinpes ajuizou a\u00e7\u00e3o coletiva voltada para o ressarcimento aos professores da ASSENAR dos gastos que tiveram durante o per\u00edodo de pandemia, para ministrar aulas\u00a0<em>online<\/em>\u00a0em regime de tele trabalho a partir de mar\u00e7o de 2020.<\/p>\n<p>Agora, formularam um acordo para pagamento destes valores. As quantias a serem pagas s\u00e3o modestas: R$ 70,00 por m\u00eas integralmente trabalhado no sistema home-office no per\u00edodo compreendido entre abril de 2020 e dezembro de 2021. E R$ 35,00 pelo trabalho nos meses de fevereiro de 2021 e julho de 2020 e 2021.<\/p>\n<p>Mesmo assim, o Sinpes estimou tratar-se de um bom acordo. Isto porque a dificuldade de os ju\u00edzes entenderem a natureza homog\u00eanea deste Direito tem ensejado a rejei\u00e7\u00e3o desse pleito em diversas a\u00e7\u00f5es ajuizadas pelo Sinpes.<\/p>\n<p>A dificuldade em recrutar testemunhas, a demora e os entraves processuais que dificultam o andamento das a\u00e7\u00f5es coletivas e o fato de o valor negociado ser muito pr\u00f3ximo do valor quitado pela Uninter, \u00fanica institui\u00e7\u00e3o de ensino superior da base territorial do Sinpes que cumpriu essa obriga\u00e7\u00e3o espontaneamente, tamb\u00e9m contribu\u00edram para que o Sinpes reputasse vantajosa a transa\u00e7\u00e3o.<\/p>\n<p>Confira o teor do acordo pactuado e os valores devidos em face do acordo para cada um dos professores beneficiados no link <a href=\"https:\/\/sinpes.org.br\/site\/wp-content\/uploads\/2023\/10\/Acordo-Assenar-Home-Office-1.pdf\">Acordo Assenar &#8211; Home Office<\/a>\u00a0. O levantamento dos valores devidos partiu de dados fornecidos pela FACEAR. Mantidos os crit\u00e9rios ajustados acima referidos, essa institui\u00e7\u00e3o do ensino est\u00e1 disposta a fazer eventuais retifica\u00e7\u00f5es que se fizerem pertinentes no valor devido aos professores.<\/p>\n<p>Confira no link os beneficiados pelo acordo e os valores a serem recebidos: <a href=\"https:\/\/sinpes.org.br\/site\/wp-content\/uploads\/2023\/10\/ASSENAR-Home-office-CALCULO.pdf\">ASSENAR &#8211; Home office -CALCULO<\/a><\/p>\n<p><strong>Todos \u00e0 Assembleia! <\/strong><\/p>\n<p><strong>Data:<\/strong> 18\/10\/2023<\/p>\n<p><strong>Hor\u00e1rio:<\/strong> 17h<\/p>\n<p><strong>Acesso L<\/strong><strong>ink:<\/strong> <a href=\"https:\/\/us06web.zoom.us\/j\/84310290199?pwd=dH353zd8Ta1ce4xe6ImtABzoLSr3pK.1\">https:\/\/us06web.zoom.us\/j\/84310290199?pwd=dH353zd8Ta1ce4xe6ImtABzoLSr3pK.1<\/a><\/p>\n<p><strong>ID da reuni\u00e3o:<\/strong> 843 1029 0199<\/p>\n<p><strong>Senha:<\/strong> 300703<\/p>\n<!-- AddThis Advanced Settings generic via filter on the_content --><!-- AddThis Share Buttons generic via filter on the_content -->","protected":false},"excerpt":{"rendered":"<p>11\/10\/2023 O Sindicato dos Professores de Ensino Superior de Curitiba e Regi\u00e3o Metropolitana \u2013 SINPES &#8211; convoca os professores da ASSENAR para Assembleia Geral Virtual a ser realizada no dia 18 de outubro de 2023 \u00e0s 17h00mim em segunda convoca\u00e7\u00e3o. A Assembleia tem como objetivo debater a aprova\u00e7\u00e3o ou rejei\u00e7\u00e3o de acordo trabalhista entabulado entre [&hellip;]<!-- AddThis Advanced Settings generic via filter on wp_trim_excerpt --><!-- AddThis Share Buttons generic via filter on wp_trim_excerpt --><\/p>\n","protected":false},"author":3,"featured_media":0,"comment_status":"closed","ping_status":"open","sticky":false,"template":"","format":"standard","meta":{"footnotes":""},"categories":[7,18,13],"tags":[39,305,290,471,404,62],"class_list":["post-4478","post","type-post","status-publish","format-standard","hentry","category-arquivo-de-noticias","category-destaque","category-home","tag-acordo","tag-assembleia","tag-assenar","tag-home-office","tag-sindicato","tag-sinpes"],"_links":{"self":[{"href":"https:\/\/sinpes.org.br\/site\/wp-json\/wp\/v2\/posts\/4478","targetHints":{"allow":["GET"]}}],"collection":[{"href":"https:\/\/sinpes.org.br\/site\/wp-json\/wp\/v2\/posts"}],"about":[{"href":"https:\/\/sinpes.org.br\/site\/wp-json\/wp\/v2\/types\/post"}],"author":[{"embeddable":true,"href":"https:\/\/sinpes.org.br\/site\/wp-json\/wp\/v2\/users\/3"}],"replies":[{"embeddable":true,"href":"https:\/\/sinpes.org.br\/site\/wp-json\/wp\/v2\/comments?post=4478"}],"version-history":[{"count":5,"href":"https:\/\/sinpes.org.br\/site\/wp-json\/wp\/v2\/posts\/4478\/revisions"}],"predecessor-version":[{"id":4500,"href":"https:\/\/sinpes.org.br\/site\/wp-json\/wp\/v2\/posts\/4478\/revisions\/4500"}],"wp:attachment":[{"href":"https:\/\/sinpes.org.br\/site\/wp-json\/wp\/v2\/media?parent=4478"}],"wp:term":[{"taxonomy":"category","embeddable":true,"href":"https:\/\/sinpes.org.br\/site\/wp-json\/wp\/v2\/categories?post=4478"},{"taxonomy":"post_tag","embeddable":true,"href":"https:\/\/sinpes.org.br\/site\/wp-json\/wp\/v2\/tags?post=4478"}],"curies":[{"name":"wp","href":"https:\/\/api.w.org\/{rel}","templated":true}]}}