{"id":4450,"date":"2023-09-05T15:05:33","date_gmt":"2023-09-05T18:05:33","guid":{"rendered":"https:\/\/sinpes.org.br\/site\/?p=4450"},"modified":"2023-09-05T15:05:33","modified_gmt":"2023-09-05T18:05:33","slug":"unidombosco-sindicato-procura-mais-informacoes-sobre-corte-linear-de-horas-aula","status":"publish","type":"post","link":"https:\/\/sinpes.org.br\/site\/unidombosco-sindicato-procura-mais-informacoes-sobre-corte-linear-de-horas-aula\/","title":{"rendered":"UniDombosco: Sindicato procura mais informa\u00e7\u00f5es sobre corte linear de horas\/aula"},"content":{"rendered":"<p><strong>05\/09\/2023<\/strong><\/p>\n<p>No dia 14\/08\/2023 o Sinpes publicou, em seu site e nas suas redes sociais den\u00fancia de que o Centro Universit\u00e1rio UniDombosco teria cortado brutalmente a carga hor\u00e1ria de professores e professoras de diversos cursos. A den\u00fancia pode ser conferida neste link:\u00a0<a href=\"https:\/\/sinpes.org.br\/site\/corte-de-brutal-de-horas-aula-no-unidombosco\/\">https:\/\/sinpes.org.br\/site\/corte-de-brutal-de-horas-aula-no-unidombosco\/<\/a><\/p>\n<p>Na ocasi\u00e3o, o sindicato destacou que segundo o denunciante, que por raz\u00f5es \u00f3bvias pedia que n\u00e3o fosse revelada sua identidade, a diminui\u00e7\u00e3o na carga hor\u00e1ria come\u00e7ou a valer no dia 07 de agosto.<\/p>\n<p>Entretanto, parece que nem todos os docentes do UniDombosco tiveram acesso a essa publica\u00e7\u00e3o pois o denunciante continua cobrando um posicionamento do sindicato como se tiv\u00e9ssemos sido omissos diante da den\u00fancia.<\/p>\n<p>Num ato de compreens\u00edvel desespero, encaminhou novo e-mail contendo um injusto pux\u00e3o de orelhas no SINPES:<\/p>\n<p><strong>\u00a0<\/strong><\/p>\n<p><strong>\u201cRelatei o absurdo que o Dom Bosco fez e n\u00e3o tive qualquer retorno.<\/strong><\/p>\n<p><strong>Voc\u00eas s\u00e3o ineptos e n\u00e3o merecem o respeito dos professores.<\/strong><\/p>\n<p><strong>Faremos uma reuni\u00e3o e ningu\u00e9m mais pagar\u00e1 contribui\u00e7\u00e3o a voc\u00eas.<\/strong><\/p>\n<p><strong>Aprendam a trabalhar e respeitar aqueles que deveriam representar.\u201d<\/strong><\/p>\n<p>&nbsp;<\/p>\n<p>Em primeiro lugar cumpre observar que o Sinpes n\u00e3o atua movido pelo pagamento de contribui\u00e7\u00f5es sindicais. Desde muito tempo o Dom Bosco n\u00e3o encaminha nenhum centavo a esse t\u00edtulo para o Sinpes e, n\u00e3o obstante nenhum professor tenha tido a iniciativa de depositar o valor respectivo na conta do sindicato, como acontece em algumas institui\u00e7\u00f5es de ensino, continuamos cumprindo nosso dever de denunciar e repercutir situa\u00e7\u00f5es absurdas como a que nos foi encaminhada.<\/p>\n<p><strong>Na ocasi\u00e3o da primeira publica\u00e7\u00e3o, o sindicato entrou em contato com o UniDombosco pedindo uma nota de esclarecimento sobre os fatos trazidos nesta den\u00fancia, mas n\u00e3o recebeu resposta. <\/strong><\/p>\n<p>A diretoria do Sinpes esclarece que, da forma como foi feita a den\u00fancia, sem especifica\u00e7\u00f5es, n\u00e3o \u00e9 poss\u00edvel chamar mesa redonda nem ajuizar a\u00e7\u00e3o coletiva, pois ainda n\u00e3o temos elementos para sustentar que o corte foi linear e atingiu todos os professores ferindo direito individual homog\u00eaneo pass\u00edvel de ensejar provid\u00eancias judiciais e extrajudiciais do sindicato.<\/p>\n<p>O ajuizamento de a\u00e7\u00e3o trabalhista pela entidade sindical pode ensejar condena\u00e7\u00e3o a pagamento de honor\u00e1rios advocat\u00edcios e custas processuais se a Justi\u00e7a entender que \u00e9 caso de litig\u00e2ncia de m\u00e1 f\u00e9. Da\u00ed a necessidade de termos perfeito e detalhado conhecimento da situa\u00e7\u00e3o.<\/p>\n<p>Por isso pretendemos conversar diretamente com os interessados (sempre garantindo sigilo absoluto sobre as identidades) para colher mais detalhes a fim de subsidiar o chamamento de mesa redonda e eventual ajuizamento de a\u00e7\u00e3o trabalhista. Essa conversa pode ser agendada pelo telefone 3225-1041 ou via e-mail (<a href=\"mailto:sinpes@sinpes.org.br\">sinpes@sinpes.org.br<\/a> ou <a href=\"mailto:comunicacao@sinpes.org.br\">comunicacao@sinpes.org.br<\/a>)<\/p>\n<p>Se a situa\u00e7\u00e3o for pontual, afetando apenas e t\u00e3o somente alguns professores e n\u00e3o generalizada, infelizmente a jurisprud\u00eancia predominante entende que n\u00e3o \u00e9 caso de substitui\u00e7\u00e3o processual. Nesse caso os professores prejudicados dever\u00e3o ajuizar a\u00e7\u00f5es individuais ap\u00f3s eventual ruptura contratual, tomando cuidado para que o direito n\u00e3o prescreva.<\/p>\n<p>Evidenciando-se que foram feridos direitos individuais homog\u00eaneos o Sinpes tomar\u00e1 as provid\u00eancias extrajudiciais e judiciais que lhe s\u00e3o cab\u00edveis, independentemente dos professores do Dom Bosco pagarem ou n\u00e3o suas contribui\u00e7\u00f5es negociais.<\/p>\n<!-- AddThis Advanced Settings generic via filter on the_content --><!-- AddThis Share Buttons generic via filter on the_content -->","protected":false},"excerpt":{"rendered":"<p>05\/09\/2023 No dia 14\/08\/2023 o Sinpes publicou, em seu site e nas suas redes sociais den\u00fancia de que o Centro Universit\u00e1rio UniDombosco teria cortado brutalmente a carga hor\u00e1ria de professores e professoras de diversos cursos. A den\u00fancia pode ser conferida neste link:\u00a0https:\/\/sinpes.org.br\/site\/corte-de-brutal-de-horas-aula-no-unidombosco\/ Na ocasi\u00e3o, o sindicato destacou que segundo o denunciante, que por raz\u00f5es \u00f3bvias [&hellip;]<!-- AddThis Advanced Settings generic via filter on wp_trim_excerpt --><!-- AddThis Share Buttons generic via filter on wp_trim_excerpt --><\/p>\n","protected":false},"author":3,"featured_media":0,"comment_status":"closed","ping_status":"open","sticky":false,"template":"","format":"standard","meta":{"footnotes":""},"categories":[7,18,13],"tags":[930,413,929,371,404,62,658],"class_list":["post-4450","post","type-post","status-publish","format-standard","hentry","category-arquivo-de-noticias","category-destaque","category-home","tag-corte-de-horas-aula","tag-denuncia","tag-professores-unidombosco","tag-salarios","tag-sindicato","tag-sinpes","tag-unidombosco"],"_links":{"self":[{"href":"https:\/\/sinpes.org.br\/site\/wp-json\/wp\/v2\/posts\/4450","targetHints":{"allow":["GET"]}}],"collection":[{"href":"https:\/\/sinpes.org.br\/site\/wp-json\/wp\/v2\/posts"}],"about":[{"href":"https:\/\/sinpes.org.br\/site\/wp-json\/wp\/v2\/types\/post"}],"author":[{"embeddable":true,"href":"https:\/\/sinpes.org.br\/site\/wp-json\/wp\/v2\/users\/3"}],"replies":[{"embeddable":true,"href":"https:\/\/sinpes.org.br\/site\/wp-json\/wp\/v2\/comments?post=4450"}],"version-history":[{"count":1,"href":"https:\/\/sinpes.org.br\/site\/wp-json\/wp\/v2\/posts\/4450\/revisions"}],"predecessor-version":[{"id":4451,"href":"https:\/\/sinpes.org.br\/site\/wp-json\/wp\/v2\/posts\/4450\/revisions\/4451"}],"wp:attachment":[{"href":"https:\/\/sinpes.org.br\/site\/wp-json\/wp\/v2\/media?parent=4450"}],"wp:term":[{"taxonomy":"category","embeddable":true,"href":"https:\/\/sinpes.org.br\/site\/wp-json\/wp\/v2\/categories?post=4450"},{"taxonomy":"post_tag","embeddable":true,"href":"https:\/\/sinpes.org.br\/site\/wp-json\/wp\/v2\/tags?post=4450"}],"curies":[{"name":"wp","href":"https:\/\/api.w.org\/{rel}","templated":true}]}}