{"id":4411,"date":"2023-08-14T10:16:12","date_gmt":"2023-08-14T13:16:12","guid":{"rendered":"https:\/\/sinpes.org.br\/site\/?p=4411"},"modified":"2023-08-15T10:34:37","modified_gmt":"2023-08-15T13:34:37","slug":"corte-de-brutal-de-horas-aula-no-unidombosco","status":"publish","type":"post","link":"https:\/\/sinpes.org.br\/site\/corte-de-brutal-de-horas-aula-no-unidombosco\/","title":{"rendered":"Corte brutal de horas\/aula no UniDombosco"},"content":{"rendered":"<p><strong>14\/08\/2023<\/strong><\/p>\n<p>O Sinpes recebeu den\u00fancia de que o Centro Universit\u00e1rio UniDombosco teria cortado brutalmente a carga hor\u00e1ria de professores e professoras de diversos cursos. Segundo o denunciante, que por raz\u00f5es \u00f3bvias pede que n\u00e3o seja revelada sua identidade, a diminui\u00e7\u00e3o na carga hor\u00e1ria come\u00e7ou a valer na \u00faltima segunda-feira, 07 de agosto.<\/p>\n<p>Conforme o denunciante, entre os dias 02 e 04\/08 o UniDombosco, de forma arbitr\u00e1ria e em absoluto desrespeito aos seus professores\/as, cortou o n\u00famero de horas em sala de aula. Essas aulas, originalmente presencias, foram para o sistema EAD sem que fosse preservada a remunera\u00e7\u00e3o dos professores.<\/p>\n<p>Como as aulas come\u00e7aram justamente no dia 07\/08, os professores n\u00e3o conseguir\u00e3o buscar outras institui\u00e7\u00f5es para fins de complementar a renda que perderam e isso causar\u00e1 forte impacto na vida dos docentes, que t\u00eam compromissos assumidos com base na remunera\u00e7\u00e3o recebida.<\/p>\n<p>Todos os prejudicados est\u00e3o desesperados, mas a postura do Centro Universit\u00e1rio \u00e9 seca e desumana, voltada para economizar \u00e0 custa do sofrimento dos seus professores e sucateamento do ensino.<\/p>\n<p>O Sinpes, por sua vez, destaca que, a Conven\u00e7\u00e3o Coletiva de Trabalho vigente estabelece em sua cl\u00e1usula Vig\u00e9sima Nona, que s\u00e3o irredut\u00edveis a carga hor\u00e1ria e a remunera\u00e7\u00e3o do docente, exceto se a redu\u00e7\u00e3o resultar:<\/p>\n<p><strong>a)\u00a0<\/strong>da exclus\u00e3o das aulas excedentes acrescidas \u00e0 carga hor\u00e1ria do docente em car\u00e1ter eventual ou por motivo de substitui\u00e7\u00e3o;<\/p>\n<p><strong>b)\u00a0<\/strong>do pedido do docente, aceito pela institui\u00e7\u00e3o empregadora, em documento onde constem o nome completo das partes e seus respectivos endere\u00e7os, devidamente assinado por ambos, e protocolizado no SINPES;<\/p>\n<p><strong>c)\u00a0<\/strong>da diminui\u00e7\u00e3o de turmas do estabelecimento, em fun\u00e7\u00e3o da redu\u00e7\u00e3o do n\u00famero de alunos devidamente comprovada quando questionada judicialmente. O estabelecimento igualmente dever\u00e1 demonstrar a impossibilidade do remanejamento do docente para preservar sua carga hor\u00e1ria, dentro da \u00e1rea de conhecimentos espec\u00edficos em que o docente leciona.<\/p>\n<p>Como a redu\u00e7\u00e3o n\u00e3o se enquadra em nenhuma das hip\u00f3teses acima nem ensejou indeniza\u00e7\u00e3o nos moldes estabelecidos pelo instrumento normativo (rescis\u00e3o parcial), flagrante a ilegalidade cometida.<\/p>\n<p><strong>O Sindicato entrou em contato com o UniDombosco pedindo uma nota de esclarecimento sobre os fatos trazidos nesta den\u00fancia, mas at\u00e9 a publica\u00e7\u00e3o da mesma n\u00e3o tinha recebido respostas. <\/strong><\/p>\n<!-- AddThis Advanced Settings generic via filter on the_content --><!-- AddThis Share Buttons generic via filter on the_content -->","protected":false},"excerpt":{"rendered":"<p>14\/08\/2023 O Sinpes recebeu den\u00fancia de que o Centro Universit\u00e1rio UniDombosco teria cortado brutalmente a carga hor\u00e1ria de professores e professoras de diversos cursos. Segundo o denunciante, que por raz\u00f5es \u00f3bvias pede que n\u00e3o seja revelada sua identidade, a diminui\u00e7\u00e3o na carga hor\u00e1ria come\u00e7ou a valer na \u00faltima segunda-feira, 07 de agosto. Conforme o denunciante, [&hellip;]<!-- AddThis Advanced Settings generic via filter on wp_trim_excerpt --><!-- AddThis Share Buttons generic via filter on wp_trim_excerpt --><\/p>\n","protected":false},"author":3,"featured_media":0,"comment_status":"closed","ping_status":"open","sticky":false,"template":"","format":"standard","meta":{"footnotes":""},"categories":[7,18,13],"tags":[331,127,22,518,371,404,62,658],"class_list":["post-4411","post","type-post","status-publish","format-standard","hentry","category-arquivo-de-noticias","category-destaque","category-home","tag-cct","tag-dom-bosco","tag-professores","tag-reducao-de-carga-horaria","tag-salarios","tag-sindicato","tag-sinpes","tag-unidombosco"],"_links":{"self":[{"href":"https:\/\/sinpes.org.br\/site\/wp-json\/wp\/v2\/posts\/4411","targetHints":{"allow":["GET"]}}],"collection":[{"href":"https:\/\/sinpes.org.br\/site\/wp-json\/wp\/v2\/posts"}],"about":[{"href":"https:\/\/sinpes.org.br\/site\/wp-json\/wp\/v2\/types\/post"}],"author":[{"embeddable":true,"href":"https:\/\/sinpes.org.br\/site\/wp-json\/wp\/v2\/users\/3"}],"replies":[{"embeddable":true,"href":"https:\/\/sinpes.org.br\/site\/wp-json\/wp\/v2\/comments?post=4411"}],"version-history":[{"count":2,"href":"https:\/\/sinpes.org.br\/site\/wp-json\/wp\/v2\/posts\/4411\/revisions"}],"predecessor-version":[{"id":4413,"href":"https:\/\/sinpes.org.br\/site\/wp-json\/wp\/v2\/posts\/4411\/revisions\/4413"}],"wp:attachment":[{"href":"https:\/\/sinpes.org.br\/site\/wp-json\/wp\/v2\/media?parent=4411"}],"wp:term":[{"taxonomy":"category","embeddable":true,"href":"https:\/\/sinpes.org.br\/site\/wp-json\/wp\/v2\/categories?post=4411"},{"taxonomy":"post_tag","embeddable":true,"href":"https:\/\/sinpes.org.br\/site\/wp-json\/wp\/v2\/tags?post=4411"}],"curies":[{"name":"wp","href":"https:\/\/api.w.org\/{rel}","templated":true}]}}