{"id":4344,"date":"2023-05-26T11:03:05","date_gmt":"2023-05-26T14:03:05","guid":{"rendered":"https:\/\/sinpes.org.br\/site\/?p=4344"},"modified":"2023-05-26T11:03:05","modified_gmt":"2023-05-26T14:03:05","slug":"nota-de-apoio-a-greve-dos-professores-as-das-universidades-estaduais-do-parana","status":"publish","type":"post","link":"https:\/\/sinpes.org.br\/site\/nota-de-apoio-a-greve-dos-professores-as-das-universidades-estaduais-do-parana\/","title":{"rendered":"Nota de apoio \u00e0 greve dos professores\/as das universidades estaduais do Paran\u00e1"},"content":{"rendered":"<p><strong>26\/05\/2023<\/strong><\/p>\n<p>O Sindicato dos Professores do Ensino Superior de Curitiba e Regi\u00e3o Metropolitana \u2013 SINPES vem a p\u00fablico declarar apoio \u00e0 greve deflagrada por professores e professoras das universidades estaduais do estado do Paran\u00e1.<\/p>\n<p>Docentes da Universidade Estadual de Londrina (UEL), da Universidade Estadual do Norte do Paran\u00e1 (UENP), da Universidade Estadual de Maring\u00e1 (UEM), Universidade Estadual do Paran\u00e1 (UNESPAR), Universidade Estadual do Oeste do Paran\u00e1 (UNIOESTE), Universidade Estadual de Ponta Grossa (UEPG) e Universidade Estadual do Centro Oeste (UNICENTRO) est\u00e3o paralisados. A greve teve in\u00edcio no \u00faltimo dia 15 de maio e a mobiliza\u00e7\u00e3o foi convocada pela Associa\u00e7\u00e3o Paranaense das Institui\u00e7\u00f5es de Ensino Superior P\u00fablico (Apiesp).<\/p>\n<p>Sem reposi\u00e7\u00e3o integral desde 2016, a categoria acumula perdas salariais ao longo dos \u00faltimos sete anos, que chegam a alarmantes 42% em rela\u00e7\u00e3o \u00e0 data-base. Os trabalhadores j\u00e1 haviam demonstrado seu rep\u00fadio ao percentual de 5,79% oferecido pelo governador Ratinho Junior (PSD). Mas o Estado o manteve inalterado. Al\u00e9m disso, conforme porta-vozes do movimento grevista, Ratinho teria se negado a receber os representantes dos docentes.<\/p>\n<p>O Sinpes, como entidade representativa dos docentes do ensino superior, tem acompanhado de perto as perdas salarias enfrentadas por professores e professoras. \u00a0Nossa categoria enfrentou uma infla\u00e7\u00e3o acumulada de 22,28% \u2013 entre mar\u00e7o de 2019 e fevereiro de 2022- acompanhada de reajustes salariais bem aqu\u00e9m desse patamar.<\/p>\n<p>A greve nas universidades estaduais do Paran\u00e1, na vis\u00e3o do Sinpes, reflete as tens\u00f5es e descontentamentos presentes no setor educacional. Trata-se de luta por valoriza\u00e7\u00e3o profissional e qualidade do ensino que desperta a solidariedade da sociedade. A solu\u00e7\u00e3o do impasse exige medidas urgentes. Para combater o sucateamento das institui\u00e7\u00f5es de ensino superior \u00e9 preciso unificar a comunidade acad\u00eamica em torno de pautas que lutam pela valoriza\u00e7\u00e3o dos trabalhadores e por investimentos na Educa\u00e7\u00e3o.<\/p>\n<p><strong>Diretoria do Sinpes <\/strong><\/p>\n<p>O Sinpes entrou em contato com a Secretaria de Estado da Ci\u00eancia, Tecnologia e Ensino Superior do Paran\u00e1 (Seti) pedindo uma nota de esclarecimento sobre os fatos trazidos neste texto. A Seti, respondeu por meio de sua Assessoria de Imprensa, com a seguinte nota:<\/p>\n<p>\u201cA Secretaria de Estado da Ci\u00eancia, Tecnologia e Ensino Superior do Paran\u00e1 (Seti) tem discutido as pautas que envolvem as demandas de professores e funcion\u00e1rios das universidades estaduais com lideran\u00e7as e sindicatos que representam as categorias. A proposta de reformula\u00e7\u00e3o das carreiras foi apresentada e encaminhada para avalia\u00e7\u00e3o das demais \u00e1reas do Estado, uma vez que envolve aspectos or\u00e7ament\u00e1rios. Nesse sentido, a Secretaria entende que a greve \u00e9 precipitada e pode prejudicar o di\u00e1logo\u201d.<\/p>\n<!-- AddThis Advanced Settings generic via filter on the_content --><!-- AddThis Share Buttons generic via filter on the_content -->","protected":false},"excerpt":{"rendered":"<p>26\/05\/2023 O Sindicato dos Professores do Ensino Superior de Curitiba e Regi\u00e3o Metropolitana \u2013 SINPES vem a p\u00fablico declarar apoio \u00e0 greve deflagrada por professores e professoras das universidades estaduais do estado do Paran\u00e1. Docentes da Universidade Estadual de Londrina (UEL), da Universidade Estadual do Norte do Paran\u00e1 (UENP), da Universidade Estadual de Maring\u00e1 (UEM), [&hellip;]<!-- AddThis Advanced Settings generic via filter on wp_trim_excerpt --><!-- AddThis Share Buttons generic via filter on wp_trim_excerpt --><\/p>\n","protected":false},"author":3,"featured_media":0,"comment_status":"closed","ping_status":"open","sticky":false,"template":"","format":"standard","meta":{"footnotes":""},"categories":[7,18,5],"tags":[281,83,409,824,410,761,906],"class_list":["post-4344","post","type-post","status-publish","format-standard","hentry","category-arquivo-de-noticias","category-destaque","category-sinpes","tag-direitos-dos-professores","tag-greve","tag-nota-de-apoio","tag-parana","tag-professores-do-estado","tag-reajuste","tag-universidades-estaduais"],"_links":{"self":[{"href":"https:\/\/sinpes.org.br\/site\/wp-json\/wp\/v2\/posts\/4344","targetHints":{"allow":["GET"]}}],"collection":[{"href":"https:\/\/sinpes.org.br\/site\/wp-json\/wp\/v2\/posts"}],"about":[{"href":"https:\/\/sinpes.org.br\/site\/wp-json\/wp\/v2\/types\/post"}],"author":[{"embeddable":true,"href":"https:\/\/sinpes.org.br\/site\/wp-json\/wp\/v2\/users\/3"}],"replies":[{"embeddable":true,"href":"https:\/\/sinpes.org.br\/site\/wp-json\/wp\/v2\/comments?post=4344"}],"version-history":[{"count":1,"href":"https:\/\/sinpes.org.br\/site\/wp-json\/wp\/v2\/posts\/4344\/revisions"}],"predecessor-version":[{"id":4345,"href":"https:\/\/sinpes.org.br\/site\/wp-json\/wp\/v2\/posts\/4344\/revisions\/4345"}],"wp:attachment":[{"href":"https:\/\/sinpes.org.br\/site\/wp-json\/wp\/v2\/media?parent=4344"}],"wp:term":[{"taxonomy":"category","embeddable":true,"href":"https:\/\/sinpes.org.br\/site\/wp-json\/wp\/v2\/categories?post=4344"},{"taxonomy":"post_tag","embeddable":true,"href":"https:\/\/sinpes.org.br\/site\/wp-json\/wp\/v2\/tags?post=4344"}],"curies":[{"name":"wp","href":"https:\/\/api.w.org\/{rel}","templated":true}]}}