{"id":4325,"date":"2023-05-18T11:26:16","date_gmt":"2023-05-18T14:26:16","guid":{"rendered":"https:\/\/sinpes.org.br\/site\/?p=4325"},"modified":"2023-05-19T09:36:28","modified_gmt":"2023-05-19T12:36:28","slug":"sinpes-visita-professores-as-da-puc-em-busca-de-legitimidade-na-construcao-de-novo-plano-de-cargos-e-salarios","status":"publish","type":"post","link":"https:\/\/sinpes.org.br\/site\/sinpes-visita-professores-as-da-puc-em-busca-de-legitimidade-na-construcao-de-novo-plano-de-cargos-e-salarios\/","title":{"rendered":"Sinpes visita professores\/as da PUC em busca de legitimidade na constru\u00e7\u00e3o de novo Plano de Cargos e Sal\u00e1rios"},"content":{"rendered":"<p><strong>18\/05\/2023<\/strong><\/p>\n<div id=\"attachment_4326\" style=\"width: 619px\" class=\"wp-caption aligncenter\"><a href=\"https:\/\/sinpes.org.br\/site\/wp-content\/uploads\/2023\/05\/WhatsApp-Image-2023-05-16-at-22.53.45.jpeg\"><img loading=\"lazy\" decoding=\"async\" aria-describedby=\"caption-attachment-4326\" class=\" wp-image-4326\" src=\"https:\/\/sinpes.org.br\/site\/wp-content\/uploads\/2023\/05\/WhatsApp-Image-2023-05-16-at-22.53.45-1024x576.jpeg\" alt=\"\" width=\"609\" height=\"342\" srcset=\"https:\/\/sinpes.org.br\/site\/wp-content\/uploads\/2023\/05\/WhatsApp-Image-2023-05-16-at-22.53.45-1024x576.jpeg 1024w, https:\/\/sinpes.org.br\/site\/wp-content\/uploads\/2023\/05\/WhatsApp-Image-2023-05-16-at-22.53.45-300x169.jpeg 300w, https:\/\/sinpes.org.br\/site\/wp-content\/uploads\/2023\/05\/WhatsApp-Image-2023-05-16-at-22.53.45-768x432.jpeg 768w, https:\/\/sinpes.org.br\/site\/wp-content\/uploads\/2023\/05\/WhatsApp-Image-2023-05-16-at-22.53.45-1536x864.jpeg 1536w, https:\/\/sinpes.org.br\/site\/wp-content\/uploads\/2023\/05\/WhatsApp-Image-2023-05-16-at-22.53.45.jpeg 1599w\" sizes=\"auto, (max-width: 609px) 100vw, 609px\" \/><\/a><p id=\"caption-attachment-4326\" class=\"wp-caption-text\">Presidente do Sinpes, Valdyr Perrini, e vice-presidente do sindicato, Ilda Witiuk, reunidos com professores da PUC<\/p><\/div>\n<p>Desde a \u00faltima ter\u00e7a-feira (16), o Sinpes tem visitado as salas dos professores\/as da Pontif\u00edcia Universidade Cat\u00f3lica do Paran\u00e1 (PUC-PR) com o objetivo de ouvir os docentes sobre um novo Plano de Cargos e Sal\u00e1rios. At\u00e9 o dia 01.06.2023 os dirigentes do sindicato pretendem visitar todas as principais salas dos professores das diversas escolas da Universidade.<\/p>\n<p>Acordo coletivo entabulado com a Associa\u00e7\u00e3o Paranaense de Cultura reservou o ano de 2023 para a discuss\u00e3o e negocia\u00e7\u00e3o sobre o tema.<\/p>\n<p>Para melhor auscultar os anseios, aspira\u00e7\u00f5es, ang\u00fastias e interesses do corpo docente, o Sinpes elaborou pesquisa que se encontra dispon\u00edvel fisicamente nas salas dos professores para serem depositadas em urnas ali distribu\u00eddas pelo sindicato e tamb\u00e9m <em>online<\/em> em formul\u00e1rio do Google, que pode ser acessado pelo link:<\/p>\n<p><a href=\"https:\/\/docs.google.com\/forms\/d\/e\/1FAIpQLScRu397BYUYjDOEEKN32FvbuPkMgiSII4eV4Wxwh9tPHAYgBg\/viewform?vc=0&amp;c=0&amp;w=1&amp;flr=0\">https:\/\/docs.google.com\/forms\/d\/e\/1FAIpQLScRu397BYUYjDOEEKN32FvbuPkMgiSII4eV4Wxwh9tPHAYgBg\/viewform?vc=0&amp;c=0&amp;w=1&amp;flr=0<\/a><\/p>\n<p>Dentre as sugest\u00f5es colhidas at\u00e9 agora em ambiente cordial e respeitoso est\u00e3o, entre outras: \u00a0o estabelecimento de f\u00f3rmulas e quesitos simples e objetivos para avalia\u00e7\u00e3o institucional; substitui\u00e7\u00e3o dos pr\u00eamios pela volta dos quinqu\u00eanios e tri\u00eanios na sua plenitude; elimina\u00e7\u00e3o da utiliza\u00e7\u00e3o de c\u00e2mara de arbitramento para resolver pend\u00eancias e o fim da avalia\u00e7\u00e3o discente dos professores (ou pelo menos um menor peso relativo dessa avalia\u00e7\u00e3o com exclus\u00e3o dos quesitos subjetivos).<\/p>\n<div id=\"attachment_4329\" style=\"width: 447px\" class=\"wp-caption aligncenter\"><a href=\"https:\/\/sinpes.org.br\/site\/wp-content\/uploads\/2023\/05\/WhatsApp-Image-2023-05-16-at-09.32.49.jpeg\"><img loading=\"lazy\" decoding=\"async\" aria-describedby=\"caption-attachment-4329\" class=\"wp-image-4329\" src=\"https:\/\/sinpes.org.br\/site\/wp-content\/uploads\/2023\/05\/WhatsApp-Image-2023-05-16-at-09.32.49-768x1024.jpeg\" alt=\"\" width=\"437\" height=\"582\" srcset=\"https:\/\/sinpes.org.br\/site\/wp-content\/uploads\/2023\/05\/WhatsApp-Image-2023-05-16-at-09.32.49-768x1024.jpeg 768w, https:\/\/sinpes.org.br\/site\/wp-content\/uploads\/2023\/05\/WhatsApp-Image-2023-05-16-at-09.32.49-225x300.jpeg 225w, https:\/\/sinpes.org.br\/site\/wp-content\/uploads\/2023\/05\/WhatsApp-Image-2023-05-16-at-09.32.49-1152x1536.jpeg 1152w, https:\/\/sinpes.org.br\/site\/wp-content\/uploads\/2023\/05\/WhatsApp-Image-2023-05-16-at-09.32.49.jpeg 1200w\" sizes=\"auto, (max-width: 437px) 100vw, 437px\" \/><\/a><p id=\"caption-attachment-4329\" class=\"wp-caption-text\">Na foto o presidente do Sinpes, Valdyr Perrini e a vice-presidente do sindicato, professora Ilda Witiuk<\/p><\/div>\n<p>&nbsp;<\/p>\n<p>Em todas as salas dos professores visitadas at\u00e9 agora os dirigentes do Sinpes ouviram clamores para a ado\u00e7\u00e3o de mecanismos de transpar\u00eancia que possam permitir a todos os docentes acompanhar e fiscalizar os processos de promo\u00e7\u00e3o, ascens\u00e3o funcional e distribui\u00e7\u00e3o de pr\u00eamios, fun\u00e7\u00e3o outrora desempenhada com maestria pela Comiss\u00e3o Permanente da Carreira Docente, composta por quatro membros indicados pela PUCPR e tr\u00eas professores eleitos pelos seus pares.<\/p>\n<p>Os professores que permaneceram no plano antigo receberam com alivio e muita esperan\u00e7a a visita do Sinpes. Esperam que com a ado\u00e7\u00e3o de um novo plano de cargos e sal\u00e1rios unificado voltem a ser beneficiados com progress\u00f5es e ascens\u00f5es funcionais, o que n\u00e3o estaria ocorrendo com eles desde 2019.<\/p>\n<p>&nbsp;<\/p>\n<p>Seguem os hor\u00e1rios e locais das \u201creuni\u00f5es-rel\u00e2mpago\u201d que ainda ocorrer\u00e3o sempre nas principais salas dos professores\/as de cada escola:<\/p>\n<p><strong>24.05.2023 \u2013 Quarta-Feira:<\/strong><\/p>\n<p>9h20\/9h40 \u2013 Escola de Belas Artes (Bloco 2 Azul)<\/p>\n<p>20h30\/20h45 \u2013 Escola de Direito (Bloco 05 Vermelho)<\/p>\n<p><strong>25.05 \u2013 Quinta-Feira<\/strong><\/p>\n<p>9h20\/9h40 \u2013 Escola de Medicina e Ci\u00eancias da Vida (Bloco 03 \u2013 Verde)<\/p>\n<p>20h30\/20h45 \u2013 Escola de Medicina e Ci\u00eancias da Vida \u2013 (Bloco 03 \u2013 Verde)<\/p>\n<p><strong>30.05 \u2013 Ter\u00e7a-Feira<\/strong><\/p>\n<p>9h20\/9h40 \u2013 Escola de Neg\u00f3cios \u2013 (Bloco 04 \u2013 Laranja)<\/p>\n<p>20h30\/20h45 \u2013 Escola Polit\u00e9cnica (Bloco 09 \u2013 \u201cParaguay\u201d)<\/p>\n<p><strong>31.05 \u2013 Quarta-Feira<\/strong><\/p>\n<p>20h30\/20h45 \u2013 Escola de Neg\u00f3cios (Bloco 04 \u2013 Laranja)<\/p>\n<p><strong>01.06 \u2013 Quinta-feira<\/strong><\/p>\n<p>9h20\/9h40 \u2013 Escola Polit\u00e9cnica (Bloco 09 \u2013 \u201cParaguay\u201d)<\/p>\n<p>20h30\/20h45 \u2013 Escola de Belas Artes (Bloco Azul)<\/p>\n<p>Professor da PUCPR: participe dessa importante troca de ideias e de experi\u00eancias!<\/p>\n<p>&nbsp;<\/p>\n<p>&nbsp;<\/p>\n<!-- AddThis Advanced Settings generic via filter on the_content --><!-- AddThis Share Buttons generic via filter on the_content -->","protected":false},"excerpt":{"rendered":"<p>18\/05\/2023 Desde a \u00faltima ter\u00e7a-feira (16), o Sinpes tem visitado as salas dos professores\/as da Pontif\u00edcia Universidade Cat\u00f3lica do Paran\u00e1 (PUC-PR) com o objetivo de ouvir os docentes sobre um novo Plano de Cargos e Sal\u00e1rios. At\u00e9 o dia 01.06.2023 os dirigentes do sindicato pretendem visitar todas as principais salas dos professores das diversas escolas [&hellip;]<!-- AddThis Advanced Settings generic via filter on wp_trim_excerpt --><!-- AddThis Share Buttons generic via filter on wp_trim_excerpt --><\/p>\n","protected":false},"author":3,"featured_media":0,"comment_status":"closed","ping_status":"open","sticky":false,"template":"","format":"standard","meta":{"footnotes":""},"categories":[7,18,2],"tags":[638,374,902,635,61,404,538],"class_list":["post-4325","post","type-post","status-publish","format-standard","hentry","category-arquivo-de-noticias","category-destaque","category-puc","tag-pesquisa","tag-plano-de-cargos-e-salarios","tag-plano-de-cargos-e-salarios-da-puc","tag-professores-da-puc","tag-puc","tag-sindicato","tag-votacao"],"_links":{"self":[{"href":"https:\/\/sinpes.org.br\/site\/wp-json\/wp\/v2\/posts\/4325","targetHints":{"allow":["GET"]}}],"collection":[{"href":"https:\/\/sinpes.org.br\/site\/wp-json\/wp\/v2\/posts"}],"about":[{"href":"https:\/\/sinpes.org.br\/site\/wp-json\/wp\/v2\/types\/post"}],"author":[{"embeddable":true,"href":"https:\/\/sinpes.org.br\/site\/wp-json\/wp\/v2\/users\/3"}],"replies":[{"embeddable":true,"href":"https:\/\/sinpes.org.br\/site\/wp-json\/wp\/v2\/comments?post=4325"}],"version-history":[{"count":3,"href":"https:\/\/sinpes.org.br\/site\/wp-json\/wp\/v2\/posts\/4325\/revisions"}],"predecessor-version":[{"id":4331,"href":"https:\/\/sinpes.org.br\/site\/wp-json\/wp\/v2\/posts\/4325\/revisions\/4331"}],"wp:attachment":[{"href":"https:\/\/sinpes.org.br\/site\/wp-json\/wp\/v2\/media?parent=4325"}],"wp:term":[{"taxonomy":"category","embeddable":true,"href":"https:\/\/sinpes.org.br\/site\/wp-json\/wp\/v2\/categories?post=4325"},{"taxonomy":"post_tag","embeddable":true,"href":"https:\/\/sinpes.org.br\/site\/wp-json\/wp\/v2\/tags?post=4325"}],"curies":[{"name":"wp","href":"https:\/\/api.w.org\/{rel}","templated":true}]}}