{"id":4299,"date":"2023-05-11T16:49:21","date_gmt":"2023-05-11T19:49:21","guid":{"rendered":"https:\/\/sinpes.org.br\/site\/?p=4299"},"modified":"2023-05-12T16:56:10","modified_gmt":"2023-05-12T19:56:10","slug":"novo-plano-de-cargos-e-salarios-pucpr","status":"publish","type":"post","link":"https:\/\/sinpes.org.br\/site\/novo-plano-de-cargos-e-salarios-pucpr\/","title":{"rendered":"NOVO PLANO DE CARGOS E SAL\u00c1RIOS PUCPR"},"content":{"rendered":"<p><strong>11\/05\/2023<\/strong><\/p>\n<p>Por for\u00e7a de acordo coletivo entabulado entre a Associa\u00e7\u00e3o Paranaense de Cultura e o SINPES, o ano de 2023 ser\u00e1 dedicado para a constru\u00e7\u00e3o de um plano de cargos e sal\u00e1rios com a efetiva participa\u00e7\u00e3o dos professores por meio de seu sindicato de classe. Para que o Sinpes possa atuar com ampla legitimidade, seus dirigentes envolvidos no processo de negocia\u00e7\u00e3o far\u00e3o visitas \u00e0s salas dos professores das diversas Escolas da PUCPR no Campus do Prado Velho.<\/p>\n<p>Com essas visitas, o Sinpes pretende debater a din\u00e2mica a ser implantada nas tratativas com a PUCPR, assim como colher sugest\u00f5es acerca das negocia\u00e7\u00f5es, que t\u00eam como ponto central a maior participa\u00e7\u00e3o poss\u00edvel dos interessados no processo.<\/p>\n<p>Seguem os hor\u00e1rios e locais das \u201creuni\u00f5es-rel\u00e2mpago\u201d que ocorrer\u00e3o sempre nas principais salas dos professores de cada escola:<\/p>\n<p><strong>16.05.2023 \u2013 Ter\u00e7a-Feira:<\/strong><\/p>\n<p>9h20\/9h40 \u2013 Escola de Direito (Bloco 5 \u2013 Vermelho);<\/p>\n<p>14h55\/15h15 \u2013 Escola de Medicina e Ci\u00eancias da Vida (Bloco 03 Verde)<\/p>\n<p>20h30\/20h45 \u2013 Escola de Educa\u00e7\u00e3o e Humanidades (Bloco 01 Amarelo)<\/p>\n<p><strong>17.05.2023 \u2013 Quarta-Feira:<\/strong><\/p>\n<p>9h20\/9h40 &#8211; Escola de Educa\u00e7\u00e3o e Humanidades (Bloco 01 Amarelo)<\/p>\n<p><strong>24.05.2023 \u2013 Quarta-Feira:<\/strong><\/p>\n<p>9h20\/9h40 \u2013 Escola de Belas Artes (Bloco 2 Azul)<\/p>\n<p>20h30\/20h45 \u2013 Escola de Direito (Bloco 05 Vermelho)<\/p>\n<p><strong>25.05 \u2013 Quinta-Feira <\/strong><\/p>\n<p>9h20\/9h40 \u2013 Escola de Medicina e Ci\u00eancias da Vida (Bloco 03 &#8211; Verde)<\/p>\n<p>20h30\/20h45 &#8211; Escola de Medicina e Ci\u00eancias da Vida \u2013 (Bloco 03 &#8211; Verde)<\/p>\n<p><strong>30.05 \u2013 Ter\u00e7a-Feira<\/strong><\/p>\n<p>9h20\/9h40 \u2013 Escola de Neg\u00f3cios \u2013 (Bloco 04 \u2013 Laranja)<\/p>\n<p>20h30\/20h45 \u2013 Escola Polit\u00e9cnica (Bloco 09 &#8211; \u201cParaguay\u201d)<\/p>\n<p><strong>31.05 \u2013 Quarta-Feira<\/strong><\/p>\n<p>20h30\/20h45 \u2013 Escola de Neg\u00f3cios (Bloco 04 \u2013 Laranja)<\/p>\n<p><strong>01.06 \u2013 Quinta-feira<\/strong><\/p>\n<p>9h20\/9h40 \u2013 Escola Polit\u00e9cnica (Bloco 09 &#8211; \u201cParaguay\u201d)<\/p>\n<p>20h30\/20h45 &#8211; Escola de Belas Artes (Bloco Azul)<\/p>\n<p><strong>Confira nos links abaixo o Plano Antigo (2014) e tamb\u00e9m o atual Plano de Cargos e Sal\u00e1rios da PUC (2019):\u00a0<\/strong><\/p>\n<p><a href=\"https:\/\/sinpes.org.br\/site\/wp-content\/uploads\/2023\/05\/Plano-de-Cargos-e-Salarios-anterior.pdf\">Plano de Cargos e Sal\u00e1rios anterior<\/a><\/p>\n<p><a href=\"https:\/\/sinpes.org.br\/site\/wp-content\/uploads\/2023\/05\/Plano-de-Cargos-e-Salarios-atual.pdf\">Plano de Cargos e Sal\u00e1rios atual<\/a><\/p>\n<!-- AddThis Advanced Settings generic via filter on the_content --><!-- AddThis Share Buttons generic via filter on the_content -->","protected":false},"excerpt":{"rendered":"<p>11\/05\/2023 Por for\u00e7a de acordo coletivo entabulado entre a Associa\u00e7\u00e3o Paranaense de Cultura e o SINPES, o ano de 2023 ser\u00e1 dedicado para a constru\u00e7\u00e3o de um plano de cargos e sal\u00e1rios com a efetiva participa\u00e7\u00e3o dos professores por meio de seu sindicato de classe. Para que o Sinpes possa atuar com ampla legitimidade, seus [&hellip;]<!-- AddThis Advanced Settings generic via filter on wp_trim_excerpt --><!-- AddThis Share Buttons generic via filter on wp_trim_excerpt --><\/p>\n","protected":false},"author":3,"featured_media":0,"comment_status":"closed","ping_status":"open","sticky":false,"template":"","format":"standard","meta":{"footnotes":""},"categories":[7,478,18,13,2],"tags":[374,902,635,61,418,904,538,903],"class_list":["post-4299","post","type-post","status-publish","format-standard","hentry","category-arquivo-de-noticias","category-coronavirus-e-direitos-dos-professores","category-destaque","category-home","category-puc","tag-plano-de-cargos-e-salarios","tag-plano-de-cargos-e-salarios-da-puc","tag-professores-da-puc","tag-puc","tag-pucpr","tag-reunioes-puc","tag-votacao","tag-votacao-puc"],"_links":{"self":[{"href":"https:\/\/sinpes.org.br\/site\/wp-json\/wp\/v2\/posts\/4299","targetHints":{"allow":["GET"]}}],"collection":[{"href":"https:\/\/sinpes.org.br\/site\/wp-json\/wp\/v2\/posts"}],"about":[{"href":"https:\/\/sinpes.org.br\/site\/wp-json\/wp\/v2\/types\/post"}],"author":[{"embeddable":true,"href":"https:\/\/sinpes.org.br\/site\/wp-json\/wp\/v2\/users\/3"}],"replies":[{"embeddable":true,"href":"https:\/\/sinpes.org.br\/site\/wp-json\/wp\/v2\/comments?post=4299"}],"version-history":[{"count":3,"href":"https:\/\/sinpes.org.br\/site\/wp-json\/wp\/v2\/posts\/4299\/revisions"}],"predecessor-version":[{"id":4305,"href":"https:\/\/sinpes.org.br\/site\/wp-json\/wp\/v2\/posts\/4299\/revisions\/4305"}],"wp:attachment":[{"href":"https:\/\/sinpes.org.br\/site\/wp-json\/wp\/v2\/media?parent=4299"}],"wp:term":[{"taxonomy":"category","embeddable":true,"href":"https:\/\/sinpes.org.br\/site\/wp-json\/wp\/v2\/categories?post=4299"},{"taxonomy":"post_tag","embeddable":true,"href":"https:\/\/sinpes.org.br\/site\/wp-json\/wp\/v2\/tags?post=4299"}],"curies":[{"name":"wp","href":"https:\/\/api.w.org\/{rel}","templated":true}]}}