{"id":4274,"date":"2023-05-01T12:25:59","date_gmt":"2023-05-01T15:25:59","guid":{"rendered":"https:\/\/sinpes.org.br\/site\/?p=4274"},"modified":"2023-05-02T10:11:52","modified_gmt":"2023-05-02T13:11:52","slug":"1o-de-maio-ha-esperanca-de-tempos-melhores","status":"publish","type":"post","link":"https:\/\/sinpes.org.br\/site\/1o-de-maio-ha-esperanca-de-tempos-melhores\/","title":{"rendered":"PRIMEIRO DE MAIO: H\u00e1 esperan\u00e7a de tempos melhores?"},"content":{"rendered":"<p><strong>01\/05\/2023<\/strong><\/p>\n<p>Esse 1\u00ba de Maio \u00e9 certamente o mais significativo dos \u00faltimos sete anos. Hoje, a classe trabalhadora contempla, no horizonte, possibilidades de melhoria salarial, manuten\u00e7\u00e3o e amplia\u00e7\u00e3o de direitos e gera\u00e7\u00e3o de empregos. Mas h\u00e1 muito o que ser feito e os sindicatos continuar\u00e3o a ter significativa import\u00e2ncia, como sempre tiveram.<\/p>\n<p>Os governos Temer e Bolsonaro foram especialmente desastrosos para o mercado de trabalho brasileiro. Desde o golpe de 2016, o Brasil assistiu a verdadeiro esc\u00e1rnio em rela\u00e7\u00e3o ao direito dos trabalhadores. Exemplo disso foi a contrarreforma trabalhista, proposta por Temer como a panaceia de todos os males e o abandono da pol\u00edtica de valoriza\u00e7\u00e3o do sal\u00e1rio m\u00ednimo, que impactou as negocia\u00e7\u00f5es coletivas das mais diversas categorias profissionais.<\/p>\n<p>No ano passado, o pa\u00eds viu uma queda artificial dos \u00edndices inflacion\u00e1rios provocada pela isen\u00e7\u00e3o de ICMS sobre combust\u00edveis durante o per\u00edodo eleitoral. Os indicadores de infla\u00e7\u00e3o dos meses de julho, agosto e setembro foram negativos sem que houvesse qualquer altera\u00e7\u00e3o na raiz do problema inflacion\u00e1rio: a pol\u00edtica da paridade de pre\u00e7os internacionais da Petrobras.<\/p>\n<p>Al\u00e9m disso, enquanto o INPC geral encerrou o ano em 5,93%, a infla\u00e7\u00e3o de alimentos registrou o dobro do valor (11,91%). Essa foi a triste realidade dos anos sob o governo de extrema direita.<\/p>\n<p>Com raz\u00e3o, trabalhadores e trabalhadoras denunciaram atrav\u00e9s de seus \u00f3rg\u00e3os de classe que o aumento do custo de vida n\u00e3o se refletiu nos reajustes salariais. Com os professores do ensino superior n\u00e3o foi diferente. Nossa categoria enfrentou uma infla\u00e7\u00e3o acumulada de 22,28% \u2013 entre mar\u00e7o de 2019 e fevereiro de 2022 acompanhada de reajustes salariais bem aqu\u00e9m desse patamar.<\/p>\n<p>In\u00fameras medidas foram orquestradas para esvaziar o poder aquisitivo dos trabalhadores e concentrar sempre mais a renda dos rentistas e detentores de Capital. Entre elas a Reforma da Previd\u00eancia e a simb\u00f3lica elimina\u00e7\u00e3o do Minist\u00e9rio do Trabalho, retirando dos trabalhadores o foro competente para a realiza\u00e7\u00e3o de mesas redondas com a finalidade de evitar assaltos aos direitos dos trabalhadores.<\/p>\n<p>Desde o golpe de 2016, os sindicatos tamb\u00e9m sofreram ataques que tencionaram enfraquece-los e, consequentemente, calar a voz dos trabalhadores e trabalhadoras. A principal delas foi eliminar suas fontes de custeio.<\/p>\n<p>Mesmo sofrendo constantes ataques, as entidades sindicais t\u00eam usado as ferramentas dispon\u00edveis para preservar a sa\u00fade e o emprego dos trabalhadores e trabalhadoras e fazer valer seus direitos.<\/p>\n<p>Durante a pandemia de Covid-19, acordos, Conven\u00e7\u00f5es Coletivas, interven\u00e7\u00f5es junto ao Minist\u00e9rio P\u00fablico do Trabalho, a\u00e7\u00f5es judiciais e posicionamentos firmes na negativa de celebrar acordos coletivos que reduzam injustificadamente a renda dos trabalhadores (na faixa ex\u00edgua em que a MP 936 determinava a celebra\u00e7\u00e3o de acordos coletivos para redu\u00e7\u00f5es superiores a 25%), entre outros, foram as bases da luta sindical compartilhada pelo Sinpes e por todas as entidades sindicais combativas.<\/p>\n<p>Agora, a classe trabalhadora vislumbra melhorias. \u00c9 necess\u00e1rio, e deve ser prioridade do governo Lula reverter o processo de precariza\u00e7\u00e3o do trabalho no Brasil, o que passa pelo aperfei\u00e7oamento das pol\u00edticas de formaliza\u00e7\u00e3o, intermedia\u00e7\u00e3o e prote\u00e7\u00e3o do emprego, pela revis\u00e3o de pontos da reforma trabalhista visando ao fortalecimento dos direitos dos trabalhadores, das negocia\u00e7\u00f5es coletivas e da representa\u00e7\u00e3o sindical com adequada estrutura de custeio. O Sinpes \u00e9 a favor da volta da contribui\u00e7\u00e3o que est\u00e1 em vias de voltar no STF, at\u00e9 que se discuta isso de forma democr\u00e1tica.<\/p>\n<p>Os desafios s\u00e3o imensos. Reconstruir as pol\u00edticas trabalhistas e devolver o poder de comprar aos trabalhadores \u00e9 tarefa urgente e herc\u00falea. O Sindicato dos Professores do Ensino Superior de Curitiba e Regi\u00e3o Metropolitana acredita que \u00e9 poss\u00edvel e continuar\u00e1 atuando, assim como fez nestes anos nebulosos, para que os direitos de professores e professoras continuem sendo garantidos.<\/p>\n<p>Por fim, h\u00e1 sim, esperan\u00e7a de tempos melhores pois mais do que nunca \u00e9 tempo de Uni\u00e3o, Mobiliza\u00e7\u00e3o e Reconstru\u00e7\u00e3o!<\/p>\n<p><strong>Feliz 1\u00ba de Maio.<\/strong><\/p>\n<p><strong>Diretoria do Sinpes<\/strong><\/p>\n<p>#sinpesassim<\/p>\n<p>&nbsp;<\/p>\n<p>Fonte dos dados: <a href=\"https:\/\/radiopeaobrasil.com.br\/colunistas\/os-desafios-do-movimento-sindical-para-2023\/\">https:\/\/radiopeaobrasil.com.br\/colunistas\/os-desafios-do-movimento-sindical-para-2023\/<\/a><\/p>\n<p>&nbsp;<\/p>\n<!-- AddThis Advanced Settings generic via filter on the_content --><!-- AddThis Share Buttons generic via filter on the_content -->","protected":false},"excerpt":{"rendered":"<p>01\/05\/2023 Esse 1\u00ba de Maio \u00e9 certamente o mais significativo dos \u00faltimos sete anos. Hoje, a classe trabalhadora contempla, no horizonte, possibilidades de melhoria salarial, manuten\u00e7\u00e3o e amplia\u00e7\u00e3o de direitos e gera\u00e7\u00e3o de empregos. Mas h\u00e1 muito o que ser feito e os sindicatos continuar\u00e3o a ter significativa import\u00e2ncia, como sempre tiveram. Os governos Temer [&hellip;]<!-- AddThis Advanced Settings generic via filter on wp_trim_excerpt --><!-- AddThis Share Buttons generic via filter on wp_trim_excerpt --><\/p>\n","protected":false},"author":3,"featured_media":0,"comment_status":"closed","ping_status":"open","sticky":false,"template":"","format":"standard","meta":{"footnotes":""},"categories":[7,13],"tags":[488,898,22,404,62,438],"class_list":["post-4274","post","type-post","status-publish","format-standard","hentry","category-arquivo-de-noticias","category-home","tag-dia-do-trabalhador","tag-imposto-sindical","tag-professores","tag-sindicato","tag-sinpes","tag-trabalhadores"],"_links":{"self":[{"href":"https:\/\/sinpes.org.br\/site\/wp-json\/wp\/v2\/posts\/4274","targetHints":{"allow":["GET"]}}],"collection":[{"href":"https:\/\/sinpes.org.br\/site\/wp-json\/wp\/v2\/posts"}],"about":[{"href":"https:\/\/sinpes.org.br\/site\/wp-json\/wp\/v2\/types\/post"}],"author":[{"embeddable":true,"href":"https:\/\/sinpes.org.br\/site\/wp-json\/wp\/v2\/users\/3"}],"replies":[{"embeddable":true,"href":"https:\/\/sinpes.org.br\/site\/wp-json\/wp\/v2\/comments?post=4274"}],"version-history":[{"count":2,"href":"https:\/\/sinpes.org.br\/site\/wp-json\/wp\/v2\/posts\/4274\/revisions"}],"predecessor-version":[{"id":4276,"href":"https:\/\/sinpes.org.br\/site\/wp-json\/wp\/v2\/posts\/4274\/revisions\/4276"}],"wp:attachment":[{"href":"https:\/\/sinpes.org.br\/site\/wp-json\/wp\/v2\/media?parent=4274"}],"wp:term":[{"taxonomy":"category","embeddable":true,"href":"https:\/\/sinpes.org.br\/site\/wp-json\/wp\/v2\/categories?post=4274"},{"taxonomy":"post_tag","embeddable":true,"href":"https:\/\/sinpes.org.br\/site\/wp-json\/wp\/v2\/tags?post=4274"}],"curies":[{"name":"wp","href":"https:\/\/api.w.org\/{rel}","templated":true}]}}