{"id":4266,"date":"2023-04-19T13:47:12","date_gmt":"2023-04-19T16:47:12","guid":{"rendered":"https:\/\/sinpes.org.br\/site\/?p=4266"},"modified":"2023-04-19T13:47:12","modified_gmt":"2023-04-19T16:47:12","slug":"sinpes-se-reune-com-nova-superintendente-do-ministerio-do-trabalho","status":"publish","type":"post","link":"https:\/\/sinpes.org.br\/site\/sinpes-se-reune-com-nova-superintendente-do-ministerio-do-trabalho\/","title":{"rendered":"Sinpes se re\u00fane com nova superintendente do Minist\u00e9rio do Trabalho"},"content":{"rendered":"<p><strong>19\/04\/2023<\/strong><\/p>\n<div id=\"attachment_4267\" style=\"width: 735px\" class=\"wp-caption aligncenter\"><a href=\"https:\/\/sinpes.org.br\/site\/wp-content\/uploads\/2023\/04\/WhatsApp-Image-2023-04-18-at-15.32.07-1.jpeg\"><img loading=\"lazy\" decoding=\"async\" aria-describedby=\"caption-attachment-4267\" class=\"wp-image-4267 \" src=\"https:\/\/sinpes.org.br\/site\/wp-content\/uploads\/2023\/04\/WhatsApp-Image-2023-04-18-at-15.32.07-1-1024x768.jpeg\" alt=\"\" width=\"725\" height=\"544\" srcset=\"https:\/\/sinpes.org.br\/site\/wp-content\/uploads\/2023\/04\/WhatsApp-Image-2023-04-18-at-15.32.07-1-1024x768.jpeg 1024w, https:\/\/sinpes.org.br\/site\/wp-content\/uploads\/2023\/04\/WhatsApp-Image-2023-04-18-at-15.32.07-1-300x225.jpeg 300w, https:\/\/sinpes.org.br\/site\/wp-content\/uploads\/2023\/04\/WhatsApp-Image-2023-04-18-at-15.32.07-1-768x576.jpeg 768w, https:\/\/sinpes.org.br\/site\/wp-content\/uploads\/2023\/04\/WhatsApp-Image-2023-04-18-at-15.32.07-1-1536x1152.jpeg 1536w, https:\/\/sinpes.org.br\/site\/wp-content\/uploads\/2023\/04\/WhatsApp-Image-2023-04-18-at-15.32.07-1.jpeg 1600w\" sizes=\"auto, (max-width: 725px) 100vw, 725px\" \/><\/a><p id=\"caption-attachment-4267\" class=\"wp-caption-text\"><em>Regina Perp\u00e9tua Cruz, nova superintendente regional do Minist\u00e9rio do Trabalho no Paran\u00e1 (MPT\/PR) e o Secret\u00e1rio Geral do Sinpes, professor Claudio Henrique de Castro<\/em><\/p><\/div>\n<p>No dia 28 de mar\u00e7o, o Sindicato dos Professores do Ensino Superior de Curitiba e Regi\u00e3o Metropolitana \u2013 SINPES participou de uma reuni\u00e3o com Regina Perp\u00e9tua Cruz, nova superintendente regional do Minist\u00e9rio do Trabalho no Paran\u00e1 (MPT\/PR).\u00a0 O Sinpes foi representado por seu Secret\u00e1rio Geral, o professor Claudio Henrique de Castro.<\/p>\n<p>Na reuni\u00e3o, o sindicato destacou \u00e0 superintendente as diversas irregularidades cometidas por institui\u00e7\u00f5es de ensino superior privado de Curitiba e Regi\u00e3o Metropolitana. O professor Claudio Henrique de Castro manifestou a preocupa\u00e7\u00e3o do sindicato em garantir os direitos de professores e professoras e, para isso, solicitou que a Delegacia Regional do Trabalho volte a mediar mesas redondas entre representantes do sindicato e das institui\u00e7\u00f5es de ensino na inten\u00e7\u00e3o de promover acordos e resolver, de maneira c\u00e9lere, demandas trazidas por docentes.<\/p>\n<p>A superintendente Regina, por sua vez, atendeu de pronto a solicita\u00e7\u00e3o e garantiu que o Minist\u00e9rio do Trabalho no Paran\u00e1 doravante n\u00e3o medir\u00e1 esfor\u00e7os para promover mesas de negocia\u00e7\u00f5es para que direitos de professores e professoras sejam preservados. Essas a\u00e7\u00f5es aconteciam anteriormente, mas foram extintas no governo de Jair Bolsonaro que trabalhou arduamente para minar direitos dos trabalhadores e enfraquecer os \u00f3rg\u00e3os e mecanismos que atuam na garantia de direitos da classe trabalhadora.<\/p>\n<p>Agora, com a nomea\u00e7\u00e3o de Regina Perp\u00e9tua Cruz, exemplo de atua\u00e7\u00e3o na luta em defesa dos direitos das trabalhadoras e dos trabalhadores e ex-presidente da Central \u00danica dos Trabalhadores (CUT), para a Superintend\u00eancia do Minist\u00e9rio do Trabalho no Paran\u00e1, o Sinpes acredita que a volta das \u201cmesas redondas\u201d voltar\u00e3o a ser instrumento importante na preserva\u00e7\u00e3o e amplia\u00e7\u00e3o dos direitos trabalhistas de professores e professoras.<\/p>\n<p>&nbsp;<\/p>\n<p>&nbsp;<\/p>\n<!-- AddThis Advanced Settings generic via filter on the_content --><!-- AddThis Share Buttons generic via filter on the_content -->","protected":false},"excerpt":{"rendered":"<p>19\/04\/2023 No dia 28 de mar\u00e7o, o Sindicato dos Professores do Ensino Superior de Curitiba e Regi\u00e3o Metropolitana \u2013 SINPES participou de uma reuni\u00e3o com Regina Perp\u00e9tua Cruz, nova superintendente regional do Minist\u00e9rio do Trabalho no Paran\u00e1 (MPT\/PR).\u00a0 O Sinpes foi representado por seu Secret\u00e1rio Geral, o professor Claudio Henrique de Castro. Na reuni\u00e3o, o [&hellip;]<!-- AddThis Advanced Settings generic via filter on wp_trim_excerpt --><!-- AddThis Share Buttons generic via filter on wp_trim_excerpt --><\/p>\n","protected":false},"author":3,"featured_media":0,"comment_status":"closed","ping_status":"open","sticky":false,"template":"","format":"standard","meta":{"footnotes":""},"categories":[7,18,13],"tags":[390,721,192,893,126,894,364,404,62],"class_list":["post-4266","post","type-post","status-publish","format-standard","hentry","category-arquivo-de-noticias","category-destaque","category-home","tag-acordos","tag-claudio-henrique-de-castro","tag-direitos-dos-trabalhadores","tag-dtr","tag-mesa-redonda","tag-ministerio-do-trabalho","tag-reuniao","tag-sindicato","tag-sinpes"],"_links":{"self":[{"href":"https:\/\/sinpes.org.br\/site\/wp-json\/wp\/v2\/posts\/4266","targetHints":{"allow":["GET"]}}],"collection":[{"href":"https:\/\/sinpes.org.br\/site\/wp-json\/wp\/v2\/posts"}],"about":[{"href":"https:\/\/sinpes.org.br\/site\/wp-json\/wp\/v2\/types\/post"}],"author":[{"embeddable":true,"href":"https:\/\/sinpes.org.br\/site\/wp-json\/wp\/v2\/users\/3"}],"replies":[{"embeddable":true,"href":"https:\/\/sinpes.org.br\/site\/wp-json\/wp\/v2\/comments?post=4266"}],"version-history":[{"count":1,"href":"https:\/\/sinpes.org.br\/site\/wp-json\/wp\/v2\/posts\/4266\/revisions"}],"predecessor-version":[{"id":4268,"href":"https:\/\/sinpes.org.br\/site\/wp-json\/wp\/v2\/posts\/4266\/revisions\/4268"}],"wp:attachment":[{"href":"https:\/\/sinpes.org.br\/site\/wp-json\/wp\/v2\/media?parent=4266"}],"wp:term":[{"taxonomy":"category","embeddable":true,"href":"https:\/\/sinpes.org.br\/site\/wp-json\/wp\/v2\/categories?post=4266"},{"taxonomy":"post_tag","embeddable":true,"href":"https:\/\/sinpes.org.br\/site\/wp-json\/wp\/v2\/tags?post=4266"}],"curies":[{"name":"wp","href":"https:\/\/api.w.org\/{rel}","templated":true}]}}