{"id":4264,"date":"2023-04-19T09:15:20","date_gmt":"2023-04-19T12:15:20","guid":{"rendered":"https:\/\/sinpes.org.br\/site\/?p=4264"},"modified":"2023-04-19T09:15:20","modified_gmt":"2023-04-19T12:15:20","slug":"atentados-nas-escolas-do-brasil","status":"publish","type":"post","link":"https:\/\/sinpes.org.br\/site\/atentados-nas-escolas-do-brasil\/","title":{"rendered":"Atentados nas escolas do Brasil"},"content":{"rendered":"<p><strong>19\/04\/2023\u00a0<\/strong><\/p>\n<p>O Sindicato dos Professores de Ensino Superior de Curitiba e Regi\u00e3o Metropolitana \u2013 SINPES vem a p\u00fablico se manifestar sobre os recentes ataques a escolas que levaram dor e p\u00e2nico a cidades brasileiras e deixaram sob alerta institui\u00e7\u00f5es de ensino, incluindo as de n\u00edvel superior.<\/p>\n<p>Um mapeamento da Universidade Estadual de Campinas (Unicamp) sobre casos de ataques em escolas por alunos ou ex-alunos levantou 22 ocorr\u00eancias deste tipo desde 2002. Para os pesquisadores que trabalharam no mapeamento, esses casos devem ser classificados como extremismo de direita, pois envolvem coopta\u00e7\u00e3o de adolescentes por grupos neonazistas que se apoiam na ideia de supremacia branca e masculina e os estimulam a realizar os ataques. Esses grupos disseminam um discurso que acirra o preconceito, a discrimina\u00e7\u00e3o, o uso de for\u00e7a e que encoraja direta e indiretamente atos agressivos e violentos. Para os estudiosos, medidas de preven\u00e7\u00e3o s\u00f3 ser\u00e3o eficazes se atuarem sobre esse cen\u00e1rio.<\/p>\n<p>Artigo de Andr\u00e9a Serpa, professora da Universidade Federal Fluminense, publicado no <a href=\"http:\/\/(https:\/\/blogdogersonnogueira.com\/2023\/04\/12\/de-caso-pensado\/)\">Blog Gerson Nogueira<\/a> refor\u00e7a a tese dos pesquisadores da Unicamp e ressalta que \u201ca onda de ataques e viol\u00eancia gratuita crescente s\u00e3o um projeto. N\u00e3o \u00e9 obra do acaso. Quanto mais medo e \u00f3dio produzem mais seu projeto nazi\/fascista vence: muita gente boa, sensata, consciente clamando por pol\u00edcia armada em porta de escola. Da\u00ed \u00e9 um passo para a popula\u00e7\u00e3o exigir pol\u00edcia dentro da escola e finalmente: que a pr\u00f3pria escola seja militarizada\u201d.<\/p>\n<p>J\u00e1 o jornalista Glenn Greenwald, em artigo publicado no dia 14\/04 na <a href=\"https:\/\/www1.folha.uol.com.br\/colunas\/glenn-greenwald\/2023\/04\/redes-sociais-refletem-os-problemas-sociais-nao-os-causam.shtml?pwgt=k7pejrnwda5zyx1lhcxd9shmb8jmwvc6kdbxvqwvjh70xkhu&amp;utm_source=whatsapp&amp;utm_medium=social&amp;utm_campaign=compwagift\">Folha de S\u00e3o Paulo<\/a>\u00a0ressalta que \u201cquando um n\u00famero significativo de jovens de uma sociedade \u00e9 atra\u00eddo por movimentos sociopatas ou ideias assassinas, \u00e9 sinal de um fracasso profundo em fornecer os meios para que uma popula\u00e7\u00e3o espiritualmente saud\u00e1vel flores\u00e7a.\u00a0\u00a0A internet, como a m\u00fasica ou filmes que adolescentes consomem, pode refletir essas falhas, mas n\u00e3o \u00e9 a causa. No entanto, culpar as redes sociais, filmes e m\u00fasicas \u00e9 uma solu\u00e7\u00e3o barata para os pol\u00edticos e, por isso, est\u00e3o sempre em oferta\u201d.<\/p>\n<p>O diretor do Sinpes, professor Cezar Bueno de Lima, em entrevista ao <a href=\"https:\/\/www.dw.com\/pt-br\/o-que-a-forma-como-se-educa-diz-sobre-a-viol%C3%AAncia-nas-escolas\/a-65257911\">site DW<\/a>\u00a0alertou que precisamos ter cuidado com a l\u00f3gica punitivista. \u00a0Ele ressalta que a pedagogia da educa\u00e7\u00e3o pela viol\u00eancia, seja ela f\u00edsica ou psicol\u00f3gica, torne-se mais naturalizada quando epis\u00f3dios de viol\u00eancia como o acontecido na creche da cidade de Blumenau acontecem. Essa abordagem, al\u00e9m de possivelmente desencadear comportamentos agressivos em crian\u00e7as e adolescentes, \u00e9 perigosa porque apresenta a viol\u00eancia a eles como uma ferramenta leg\u00edtima para a vida em sociedade. &#8220;Quando faltar raz\u00e3o voc\u00ea vai utilizar a viol\u00eancia? \u00c9 isso que a gente tem feito&#8221;, lamenta o professor Cezar.<\/p>\n<p>A vis\u00e3o do Sinpes coincide com o que dizem esses especialistas. O sindicato v\u00ea com preocupa\u00e7\u00e3o o arrefecimento da viol\u00eancia e acredita que incentivar o armamento da popula\u00e7\u00e3o n\u00e3o \u00e9 a solu\u00e7\u00e3o, haja vista que o pa\u00eds com mais armas entre civis \u00e9 o que registra mais atentados \u00e0s escolas: Estados Unidos.<\/p>\n<p>Para o sindicato, a solu\u00e7\u00e3o para o problema passa pela investiga\u00e7\u00e3o e responsabiliza\u00e7\u00e3o de grupos extremistas que tem na internet seu meio de organiza\u00e7\u00e3o e dissemina\u00e7\u00e3o dos ideais de segrega\u00e7\u00e3o e \u00f3dio. Passa tamb\u00e9m por investimentos mais contundentes em educa\u00e7\u00e3o, acolhimento, di\u00e1logo, inclus\u00e3o e conscientiza\u00e7\u00e3o no ambiente escolar.<\/p>\n<p>A responsabilidade \u00e9 de todos. Tanto do poder p\u00fablico quanto de entidades da sociedade civil.<\/p>\n<p>Nessa toada o SINPES pretende dialogar com o SINEPE, sindicato que representa as institui\u00e7\u00f5es de ensino superior privado, e com as demais entidades sindicais que representam trabalhadores na educa\u00e7\u00e3o no Estado do Paran\u00e1 \u2013 APP Sindicato, SINPROPAR e SAAEPAR &#8211; para somar for\u00e7as e adotar provid\u00eancias que possam contribuir para a seguran\u00e7a de estudantes e professores.<\/p>\n<p style=\"text-align: center;\"><strong>Diretoria do Sinpes\u00a0<\/strong><\/p>\n<p>&nbsp;<\/p>\n<!-- AddThis Advanced Settings generic via filter on the_content --><!-- AddThis Share Buttons generic via filter on the_content -->","protected":false},"excerpt":{"rendered":"<p>19\/04\/2023\u00a0 O Sindicato dos Professores de Ensino Superior de Curitiba e Regi\u00e3o Metropolitana \u2013 SINPES vem a p\u00fablico se manifestar sobre os recentes ataques a escolas que levaram dor e p\u00e2nico a cidades brasileiras e deixaram sob alerta institui\u00e7\u00f5es de ensino, incluindo as de n\u00edvel superior. Um mapeamento da Universidade Estadual de Campinas (Unicamp) sobre [&hellip;]<!-- AddThis Advanced Settings generic via filter on wp_trim_excerpt --><!-- AddThis Share Buttons generic via filter on wp_trim_excerpt --><\/p>\n","protected":false},"author":3,"featured_media":0,"comment_status":"closed","ping_status":"open","sticky":false,"template":"","format":"standard","meta":{"footnotes":""},"categories":[7,18,13],"tags":[422,891,892,389,22,890,490,458,830],"class_list":["post-4264","post","type-post","status-publish","format-standard","hentry","category-arquivo-de-noticias","category-destaque","category-home","tag-alunos","tag-atentados","tag-escolas","tag-estudantes","tag-professores","tag-seguranca","tag-sindicatos","tag-universidades","tag-violencia"],"_links":{"self":[{"href":"https:\/\/sinpes.org.br\/site\/wp-json\/wp\/v2\/posts\/4264","targetHints":{"allow":["GET"]}}],"collection":[{"href":"https:\/\/sinpes.org.br\/site\/wp-json\/wp\/v2\/posts"}],"about":[{"href":"https:\/\/sinpes.org.br\/site\/wp-json\/wp\/v2\/types\/post"}],"author":[{"embeddable":true,"href":"https:\/\/sinpes.org.br\/site\/wp-json\/wp\/v2\/users\/3"}],"replies":[{"embeddable":true,"href":"https:\/\/sinpes.org.br\/site\/wp-json\/wp\/v2\/comments?post=4264"}],"version-history":[{"count":1,"href":"https:\/\/sinpes.org.br\/site\/wp-json\/wp\/v2\/posts\/4264\/revisions"}],"predecessor-version":[{"id":4265,"href":"https:\/\/sinpes.org.br\/site\/wp-json\/wp\/v2\/posts\/4264\/revisions\/4265"}],"wp:attachment":[{"href":"https:\/\/sinpes.org.br\/site\/wp-json\/wp\/v2\/media?parent=4264"}],"wp:term":[{"taxonomy":"category","embeddable":true,"href":"https:\/\/sinpes.org.br\/site\/wp-json\/wp\/v2\/categories?post=4264"},{"taxonomy":"post_tag","embeddable":true,"href":"https:\/\/sinpes.org.br\/site\/wp-json\/wp\/v2\/tags?post=4264"}],"curies":[{"name":"wp","href":"https:\/\/api.w.org\/{rel}","templated":true}]}}