{"id":426,"date":"2015-01-22T20:46:27","date_gmt":"2015-01-22T22:46:27","guid":{"rendered":"http:\/\/sinpes.org.br\/site\/?p=426"},"modified":"2015-10-29T16:21:08","modified_gmt":"2015-10-29T18:21:08","slug":"sinpes-consegue-liminar-na-justica-pela-falta-de-pagamento-de-salarios-atrasados-da-facel-inesul-curitiba-inesul-colombo-e-inesul-araucaria","status":"publish","type":"post","link":"https:\/\/sinpes.org.br\/site\/sinpes-consegue-liminar-na-justica-pela-falta-de-pagamento-de-salarios-atrasados-da-facel-inesul-curitiba-inesul-colombo-e-inesul-araucaria\/","title":{"rendered":"Sinpes consegue liminar na Justi\u00e7a pela falta de pagamento de sal\u00e1rios atrasados da Facel, Inesul Curitiba, Inesul Colombo e Inesul Arauc\u00e1ria"},"content":{"rendered":"<p style=\"text-align: justify;\">O Sinpes realizou uma mesa redonda em dezembro de 2014 para negociar junto ao Minist\u00e9rio do Trabalho, o pagamento dos sal\u00e1rios atrasados dos professores da FACEL e da INESUL. <!--more-->Como os sal\u00e1rios ainda n\u00e3o foram regularizados at\u00e9 o momento, o Sinpes ajuizou a\u00e7\u00f5es contra essas institui\u00e7\u00f5es, que t\u00eam atrasado sistematicamente os pagamentos. Quanto \u00e0 FACEL, os atrasos chegam a tr\u00eas meses. O Sindicato ainda n\u00e3o obteve o resultado da a\u00e7\u00e3o (processo n\u00ba 48858.2014.013.09.00-6) . As decis\u00f5es liminares referentes \u00e0 INESUL podem ser conferidas a seguir:<\/p>\n<p style=\"text-align: justify;\"><a class=\"fasc-button fasc-size-medium fasc-type-glossy fasc-rounded-medium fasc-ico-before dashicons-admin-site\" style=\"background-color: #33809e; color: #ffffff;\" href=\"http:\/\/sinpes.org.br\/site\/wp-content\/uploads\/2015\/01\/decisao-araucaria.pdf\" target=\"_blank\" data-fasc-style=\"background-color:#33809e;color:#ffffff;\">INESUL ARAUC\u00c1RIA<\/a><\/p>\n<p style=\"text-align: justify;\"><a class=\"fasc-button fasc-size-medium fasc-type-glossy fasc-rounded-medium fasc-ico-before dashicons-admin-site\" style=\"background-color: #33809e; color: #ffffff;\" href=\"http:\/\/sinpes.org.br\/site\/wp-content\/uploads\/2015\/01\/decisao-INESUL-COLOMBO.pdf\" target=\"_blank\" data-fasc-style=\"background-color:#33809e;color:#ffffff;\">INESUL COLOMBO<\/a><\/p>\n<p style=\"text-align: justify;\">\n<!-- AddThis Advanced Settings generic via filter on the_content --><!-- AddThis Share Buttons generic via filter on the_content -->","protected":false},"excerpt":{"rendered":"<p>O Sinpes realizou uma mesa redonda em dezembro de 2014 para negociar junto ao Minist\u00e9rio do Trabalho, o pagamento dos sal\u00e1rios atrasados dos professores da FACEL e da INESUL.<!-- AddThis Advanced Settings generic via filter on wp_trim_excerpt --><!-- AddThis Share Buttons generic via filter on wp_trim_excerpt --><\/p>\n","protected":false},"author":2,"featured_media":429,"comment_status":"closed","ping_status":"open","sticky":false,"template":"","format":"standard","meta":{"footnotes":""},"categories":[18,13,32],"tags":[57,86,27,58],"class_list":["post-426","post","type-post","status-publish","format-standard","has-post-thumbnail","hentry","category-destaque","category-home","category-inesul","tag-facel","tag-inesul","tag-liminar","tag-salario"],"_links":{"self":[{"href":"https:\/\/sinpes.org.br\/site\/wp-json\/wp\/v2\/posts\/426","targetHints":{"allow":["GET"]}}],"collection":[{"href":"https:\/\/sinpes.org.br\/site\/wp-json\/wp\/v2\/posts"}],"about":[{"href":"https:\/\/sinpes.org.br\/site\/wp-json\/wp\/v2\/types\/post"}],"author":[{"embeddable":true,"href":"https:\/\/sinpes.org.br\/site\/wp-json\/wp\/v2\/users\/2"}],"replies":[{"embeddable":true,"href":"https:\/\/sinpes.org.br\/site\/wp-json\/wp\/v2\/comments?post=426"}],"version-history":[{"count":3,"href":"https:\/\/sinpes.org.br\/site\/wp-json\/wp\/v2\/posts\/426\/revisions"}],"predecessor-version":[{"id":444,"href":"https:\/\/sinpes.org.br\/site\/wp-json\/wp\/v2\/posts\/426\/revisions\/444"}],"wp:featuredmedia":[{"embeddable":true,"href":"https:\/\/sinpes.org.br\/site\/wp-json\/wp\/v2\/media\/429"}],"wp:attachment":[{"href":"https:\/\/sinpes.org.br\/site\/wp-json\/wp\/v2\/media?parent=426"}],"wp:term":[{"taxonomy":"category","embeddable":true,"href":"https:\/\/sinpes.org.br\/site\/wp-json\/wp\/v2\/categories?post=426"},{"taxonomy":"post_tag","embeddable":true,"href":"https:\/\/sinpes.org.br\/site\/wp-json\/wp\/v2\/tags?post=426"}],"curies":[{"name":"wp","href":"https:\/\/api.w.org\/{rel}","templated":true}]}}