{"id":4240,"date":"2023-03-27T15:56:18","date_gmt":"2023-03-27T18:56:18","guid":{"rendered":"https:\/\/sinpes.org.br\/site\/?p=4240"},"modified":"2023-03-27T15:58:17","modified_gmt":"2023-03-27T18:58:17","slug":"segundo-professores-as-unicesumar-altera-carga-horaria-de-professores-as-a-seu-bel-prazer","status":"publish","type":"post","link":"https:\/\/sinpes.org.br\/site\/segundo-professores-as-unicesumar-altera-carga-horaria-de-professores-as-a-seu-bel-prazer\/","title":{"rendered":"Segundo professores\/as, Unicesumar altera carga hor\u00e1ria de professores\/as a seu bel prazer"},"content":{"rendered":"<p><strong>27\/03\/2023<\/strong><\/p>\n<p>A Unicesumar tem alterado constantemente a carga hor\u00e1ria de seus professores\/as a bel prazer dos interesses da institui\u00e7\u00e3o, contrariando o que determina a Cl\u00e1usula Vig\u00e9sima Nona da Conven\u00e7\u00e3o Coletiva de Trabalho (CCT) que norteia o trabalho docente no ensino superior privado em Curitiba e Regi\u00e3o.<\/p>\n<p>\u00c9 isso que destaca den\u00fancia encaminhada ao Sinpes por professor da institui\u00e7\u00e3o que pede sigilo sobre sua identidade. O denunciante enfatiza que existe uma \u201cflutua\u00e7\u00e3o\u201d de carga hor\u00e1ria a cada semestre e o sal\u00e1rio dos docentes acompanharia tal instabilidade.<\/p>\n<p>Neste semestre, a maioria dos professores\/as estaria com carga hor\u00e1ria m\u00ednima, ou seja, 8 horas\/semana, inclusive arbitrariamente alocados em dias e hor\u00e1rios de acordo com a conveni\u00eancia da coordena\u00e7\u00e3o, sem que seja permitido ao professor opinar. Al\u00e9m disso, a den\u00fancia aponta que as disciplinas s\u00e3o distribu\u00eddas\u00a0de acordo com o hor\u00e1rio dispon\u00edvel e n\u00e3o de acordo com a especificidade e ader\u00eancia do docente, o que dificulta o trabalho dos professores e atenta contra a excel\u00eancia do ensino.<\/p>\n<p>O Sinpes destaca o teor da Cl\u00e1usula Vig\u00e9sima Nona da Conven\u00e7\u00e3o Coletiva de Trabalho vigente:<\/p>\n<p><em>\u201cS\u00e3o irredut\u00edveis a carga hor\u00e1ria e a remunera\u00e7\u00e3o do docente, exceto se a redu\u00e7\u00e3o resultar: <strong>a)\u00a0<\/strong>da exclus\u00e3o das aulas excedentes acrescidas \u00e0 carga hor\u00e1ria do docente em car\u00e1ter eventual ou por motivo de substitui\u00e7\u00e3o; <strong>b)\u00a0<\/strong>do pedido do docente, aceito pela institui\u00e7\u00e3o empregadora, em documento onde constem o nome completo das partes e seus respectivos endere\u00e7os, devidamente assinado por ambos, e protocolizado no SINPES; <strong>c)\u00a0<\/strong>da diminui\u00e7\u00e3o de turmas do estabelecimento, em fun\u00e7\u00e3o da redu\u00e7\u00e3o do n\u00famero de alunos devidamente comprovada quando questionada judicialmente. O estabelecimento igualmente dever\u00e1 demonstrar a impossibilidade do remanejamento do docente para preservar sua carga hor\u00e1ria, dentro da \u00e1rea de conhecimentos espec\u00edficos em que o docente leciona;\u201d<\/em><\/p>\n<p>O sindicato est\u00e1 atento acerca do desdobramento dessas arbitrariedades.<\/p>\n<p>O Sinpes entrou em contato com a Unicesumar pedindo um posicionamento da institui\u00e7\u00e3o diante das den\u00fancias trazidas neste texto. Quem respondeu ao sindicato foi a professora Ana L\u00facia Cardoso Ribeiro, diretora do Campus da Unicesumar em Curitiba. Confira abaixo, em sua integralidade, a resposta que a professora deu ao sindicato por meio de telefone:<\/p>\n<p><em>\u201cTivemos redu\u00e7\u00e3o de carga hor\u00e1ria, mas em situa\u00e7\u00f5es muito espec\u00edficas. Uma delas \u00e9 por conta de turmas que n\u00e3o foram abertas esse ano, ou seja, cursos que n\u00e3o tiveram continuidade, assim, consequentemente professores tiveram redu\u00e7\u00e3o de carga hor\u00e1ria. <\/em><\/p>\n<p><em>Outra situa\u00e7\u00e3o onde cargas hor\u00e1rias tiveram altera\u00e7\u00f5es \u00e9 quanto a professores que n\u00e3o aceitaram dar aula em algumas disciplinas. Assim, eles foram alocados dentro do que t\u00ednhamos de disponibilidade. \u00a0<\/em><\/p>\n<p><em>Aqui na institui\u00e7\u00e3o temos professores contratados em tempo integral, em tempo parcial e tamb\u00e9m professores horistas. Portanto, \u00e9 comum flutua\u00e7\u00f5es nas cargas hor\u00e1rias. \u00a0<\/em><\/p>\n<p><em>Por fim, tivemos tamb\u00e9m altera\u00e7\u00e3o na matriz curricular de cursos, o que acabou alterando a carga hor\u00e1ria de alguns docentes. <\/em><\/p>\n<p><em>Quanto \u00e0 carga hor\u00e1ria de oito horas \u00e9 uma regra institucional. \u00c9 a carga m\u00ednima definida pela institui\u00e7\u00e3o. Os professores nos entregam uma disponibilidade de hor\u00e1rios, a\u00ed encaixamos as aulas conforme a disponibilidade deles. Portanto, a carga hor\u00e1ria ofertada aos professores varia conforme a disponibilidade que eles nos passam. Usamos uma ferramenta para fazer confec\u00e7\u00e3o dos hor\u00e1rios, mandamos para os docentes aprovarem. Al\u00e9m disso, os nossos coordenadores sempre est\u00e3o abertos para qualquer negocia\u00e7\u00e3o de hor\u00e1rio, e antes de lan\u00e7armos no sistema os professores t\u00eam oportunidade de ir atr\u00e1s dos coordenadores para conversar sobre a carga hor\u00e1ria e sua disponibilidade\u201d.<\/em><\/p>\n<p>&nbsp;<\/p>\n<!-- AddThis Advanced Settings generic via filter on the_content --><!-- AddThis Share Buttons generic via filter on the_content -->","protected":false},"excerpt":{"rendered":"<p>27\/03\/2023 A Unicesumar tem alterado constantemente a carga hor\u00e1ria de seus professores\/as a bel prazer dos interesses da institui\u00e7\u00e3o, contrariando o que determina a Cl\u00e1usula Vig\u00e9sima Nona da Conven\u00e7\u00e3o Coletiva de Trabalho (CCT) que norteia o trabalho docente no ensino superior privado em Curitiba e Regi\u00e3o. \u00c9 isso que destaca den\u00fancia encaminhada ao Sinpes por [&hellip;]<!-- AddThis Advanced Settings generic via filter on wp_trim_excerpt --><!-- AddThis Share Buttons generic via filter on wp_trim_excerpt --><\/p>\n","protected":false},"author":3,"featured_media":0,"comment_status":"closed","ping_status":"open","sticky":false,"template":"","format":"standard","meta":{"footnotes":""},"categories":[7,478,18,13],"tags":[485,281,879,518,468],"class_list":["post-4240","post","type-post","status-publish","format-standard","hentry","category-arquivo-de-noticias","category-coronavirus-e-direitos-dos-professores","category-destaque","category-home","tag-carga-horaria","tag-direitos-dos-professores","tag-professores-da-unicesumar","tag-reducao-de-carga-horaria","tag-unicesumar"],"_links":{"self":[{"href":"https:\/\/sinpes.org.br\/site\/wp-json\/wp\/v2\/posts\/4240","targetHints":{"allow":["GET"]}}],"collection":[{"href":"https:\/\/sinpes.org.br\/site\/wp-json\/wp\/v2\/posts"}],"about":[{"href":"https:\/\/sinpes.org.br\/site\/wp-json\/wp\/v2\/types\/post"}],"author":[{"embeddable":true,"href":"https:\/\/sinpes.org.br\/site\/wp-json\/wp\/v2\/users\/3"}],"replies":[{"embeddable":true,"href":"https:\/\/sinpes.org.br\/site\/wp-json\/wp\/v2\/comments?post=4240"}],"version-history":[{"count":3,"href":"https:\/\/sinpes.org.br\/site\/wp-json\/wp\/v2\/posts\/4240\/revisions"}],"predecessor-version":[{"id":4243,"href":"https:\/\/sinpes.org.br\/site\/wp-json\/wp\/v2\/posts\/4240\/revisions\/4243"}],"wp:attachment":[{"href":"https:\/\/sinpes.org.br\/site\/wp-json\/wp\/v2\/media?parent=4240"}],"wp:term":[{"taxonomy":"category","embeddable":true,"href":"https:\/\/sinpes.org.br\/site\/wp-json\/wp\/v2\/categories?post=4240"},{"taxonomy":"post_tag","embeddable":true,"href":"https:\/\/sinpes.org.br\/site\/wp-json\/wp\/v2\/tags?post=4240"}],"curies":[{"name":"wp","href":"https:\/\/api.w.org\/{rel}","templated":true}]}}