{"id":4236,"date":"2023-03-24T14:30:13","date_gmt":"2023-03-24T17:30:13","guid":{"rendered":"https:\/\/sinpes.org.br\/site\/?p=4236"},"modified":"2023-03-24T14:30:13","modified_gmt":"2023-03-24T17:30:13","slug":"mais-denuncias-contra-a-facear","status":"publish","type":"post","link":"https:\/\/sinpes.org.br\/site\/mais-denuncias-contra-a-facear\/","title":{"rendered":"Mais den\u00fancias contra a Facear"},"content":{"rendered":"<p><strong>24\/03\/2023\u00a0<\/strong><\/p>\n<p>O Sinpes publicou recentemente den\u00fancia sobre \u201cpagamento proporcional \u00e0s horas aulas lecionadas\u201d para os professores\/as que d\u00e3o aula para os primeiros per\u00edodos dos diversos cursos mantidos pela Faculdade Educacional Arauc\u00e1ria (Facear), que pertence ao grupo Unifacear.<\/p>\n<p>Na ocasi\u00e3o, o sindicato destacou que esperava que se tratasse de um mal entendido e que o teor do e-mail encaminhado aos professores\/as, tivesse respeito apenas e t\u00e3o somente \u00e0queles professores\/as novos, contratados no ano de 2023. A Facear respondeu prontamente dizendo que \u201c<em>n\u00e3o procede a informa\u00e7\u00e3o de que os professores que lecionar\u00e3o perante os primeiros per\u00edodos da FACEAR ter\u00e3o algum direito violado, inclusive quanto a hip\u00f3tese de descumprimento ao disposto no artigo 322 da CLT, ou qualquer outro\u201d. <\/em><\/p>\n<p><em>A prop\u00f3sito dessa den\u00fancia o Sinpes sente-se orgulhoso por ter colaborado no desfazimento do mal entendido.<\/em><\/p>\n<p><em>Agora, o sindicato recebe novas den\u00fancias de fonte que pede anonimato e acusa a Facear de diversas irregularidades, entre elas: <\/em><\/p>\n<p>&#8211; O n\u00e3o pagamento de in\u00fameras atividades extras tais como participa\u00e7\u00e3o do comit\u00ea de \u00e9tica e orienta\u00e7\u00e3o de inicia\u00e7\u00e3o cient\u00edfica;<\/p>\n<p>&#8211; Uni\u00e3o de turmas de v\u00e1rios per\u00edodos e cursos sem o devido acr\u00e9scimo estabelecido pela cl\u00e1usula d\u00e9cima sexta da CCT vigente para o docente que est\u00e1 ministrando a disciplina.<\/p>\n<p>&#8211; Diminui\u00e7\u00e3o da remunera\u00e7\u00e3o por orienta\u00e7\u00e3o de TCC;<\/p>\n<p>&#8211; Atraso nos pagamentos de orienta\u00e7\u00e3o de TCC: as do primeiro semestre de 2022 foram pagas apenas no m\u00eas de janeiro\/2023 e as do segundo semestre de 2022 ainda n\u00e3o foram pagas.<\/p>\n<p>A remunera\u00e7\u00e3o pela orienta\u00e7\u00e3o de trabalho de conclus\u00e3o de cursos deve ser quitada at\u00e9 o quinto dia \u00fatil do m\u00eas subsequente ao trabalho realizado, conforme estabelece o \u00a7 1\u00ba do artigo 459 da CLT. Atrasos atraem a incid\u00eancia de multa convencional estabelecida na cl\u00e1usula sexta da CCT vigente: 10% at\u00e9 15 dias de atraso, mais 0,5% por dia de atraso ap\u00f3s a quinzena.<\/p>\n<p>J\u00e1 a redu\u00e7\u00e3o do valor devido em face desse trabalho \u00e9 nula de porque viola o artigo 468 da CLT.<\/p>\n<p>Essas situa\u00e7\u00f5es podem ser coibidas mediante ajuizamento de a\u00e7\u00e3o trabalhista pelo sindicato como substitui\u00e7\u00e3o processual desde que a entidade consiga um mapeamento preciso dos professores prejudicados.<\/p>\n<p><strong>O Sinpes solicitou \u00e0 Assessoria de Imprensa da Facear uma nota de esclarecimento sobre as den\u00fancias trazidas neste texto. Mas at\u00e9 a publica\u00e7\u00e3o do mesmo, a institui\u00e7\u00e3o n\u00e3o tinha respondido.<\/strong><\/p>\n<p>&nbsp;<\/p>\n<!-- AddThis Advanced Settings generic via filter on the_content --><!-- AddThis Share Buttons generic via filter on the_content -->","protected":false},"excerpt":{"rendered":"<p>24\/03\/2023\u00a0 O Sinpes publicou recentemente den\u00fancia sobre \u201cpagamento proporcional \u00e0s horas aulas lecionadas\u201d para os professores\/as que d\u00e3o aula para os primeiros per\u00edodos dos diversos cursos mantidos pela Faculdade Educacional Arauc\u00e1ria (Facear), que pertence ao grupo Unifacear. Na ocasi\u00e3o, o sindicato destacou que esperava que se tratasse de um mal entendido e que o teor [&hellip;]<!-- AddThis Advanced Settings generic via filter on wp_trim_excerpt --><!-- AddThis Share Buttons generic via filter on wp_trim_excerpt --><\/p>\n","protected":false},"author":3,"featured_media":0,"comment_status":"closed","ping_status":"open","sticky":false,"template":"","format":"standard","meta":{"footnotes":""},"categories":[7,18,13],"tags":[413,281,291,866,404,867],"class_list":["post-4236","post","type-post","status-publish","format-standard","hentry","category-arquivo-de-noticias","category-destaque","category-home","tag-denuncia","tag-direitos-dos-professores","tag-facear","tag-professores-da-facear","tag-sindicato","tag-unifacear"],"_links":{"self":[{"href":"https:\/\/sinpes.org.br\/site\/wp-json\/wp\/v2\/posts\/4236","targetHints":{"allow":["GET"]}}],"collection":[{"href":"https:\/\/sinpes.org.br\/site\/wp-json\/wp\/v2\/posts"}],"about":[{"href":"https:\/\/sinpes.org.br\/site\/wp-json\/wp\/v2\/types\/post"}],"author":[{"embeddable":true,"href":"https:\/\/sinpes.org.br\/site\/wp-json\/wp\/v2\/users\/3"}],"replies":[{"embeddable":true,"href":"https:\/\/sinpes.org.br\/site\/wp-json\/wp\/v2\/comments?post=4236"}],"version-history":[{"count":1,"href":"https:\/\/sinpes.org.br\/site\/wp-json\/wp\/v2\/posts\/4236\/revisions"}],"predecessor-version":[{"id":4237,"href":"https:\/\/sinpes.org.br\/site\/wp-json\/wp\/v2\/posts\/4236\/revisions\/4237"}],"wp:attachment":[{"href":"https:\/\/sinpes.org.br\/site\/wp-json\/wp\/v2\/media?parent=4236"}],"wp:term":[{"taxonomy":"category","embeddable":true,"href":"https:\/\/sinpes.org.br\/site\/wp-json\/wp\/v2\/categories?post=4236"},{"taxonomy":"post_tag","embeddable":true,"href":"https:\/\/sinpes.org.br\/site\/wp-json\/wp\/v2\/tags?post=4236"}],"curies":[{"name":"wp","href":"https:\/\/api.w.org\/{rel}","templated":true}]}}