{"id":4233,"date":"2023-03-23T14:35:46","date_gmt":"2023-03-23T17:35:46","guid":{"rendered":"https:\/\/sinpes.org.br\/site\/?p=4233"},"modified":"2023-03-23T14:35:46","modified_gmt":"2023-03-23T17:35:46","slug":"secretario-geral-do-sinpes-defende-pos-doutorado-na-faculdade-de-lisboa","status":"publish","type":"post","link":"https:\/\/sinpes.org.br\/site\/secretario-geral-do-sinpes-defende-pos-doutorado-na-faculdade-de-lisboa\/","title":{"rendered":"Secret\u00e1rio Geral do Sinpes defende p\u00f3s-doutorado na Faculdade de Lisboa"},"content":{"rendered":"<p><strong>23\/03\/2023<\/strong><\/p>\n<div id=\"attachment_4234\" style=\"width: 569px\" class=\"wp-caption aligncenter\"><a href=\"https:\/\/sinpes.org.br\/site\/wp-content\/uploads\/2023\/03\/unnamed.jpg\"><img loading=\"lazy\" decoding=\"async\" aria-describedby=\"caption-attachment-4234\" class=\"wp-image-4234\" src=\"https:\/\/sinpes.org.br\/site\/wp-content\/uploads\/2023\/03\/unnamed-1024x861.jpg\" alt=\"\" width=\"559\" height=\"470\" srcset=\"https:\/\/sinpes.org.br\/site\/wp-content\/uploads\/2023\/03\/unnamed-1024x861.jpg 1024w, https:\/\/sinpes.org.br\/site\/wp-content\/uploads\/2023\/03\/unnamed-300x252.jpg 300w, https:\/\/sinpes.org.br\/site\/wp-content\/uploads\/2023\/03\/unnamed-768x646.jpg 768w, https:\/\/sinpes.org.br\/site\/wp-content\/uploads\/2023\/03\/unnamed.jpg 1194w\" sizes=\"auto, (max-width: 559px) 100vw, 559px\" \/><\/a><p id=\"caption-attachment-4234\" class=\"wp-caption-text\">Na foto o Catedr\u00e1tico Prof. Dr. Eduardo Vera-Cruz Pinto e o Prof. Claudio Henrique de Castro<\/p><\/div>\n<p>O Secret\u00e1rio Geral do Sinpes, professor Cl\u00e1udio Henrique de Castro, defendeu, no \u00faltimo dia 16 de fevereiro, sua de tese de P\u00f3s-Doutoramento. O Evento aconteceu na Faculdade de Direito de Lisboa, em Portugal.<\/p>\n<p>Professor adjunto do curso de Direito da Universidade Tuiuti do Paran\u00e1 (UTP), o agora p\u00f3s-doutor defendeu a tese \u201cA democracia direta por meio da democracia eletr\u00f4nica\u201d que foi aprovada pela banca examinadora com distin\u00e7\u00e3o e louvor, recebendo nota m\u00e1xima. O p\u00f3s-doutoramento iniciou-se em 2019 e durou quatro anos.<\/p>\n<p>A banca foi constitu\u00edda pelos seguintes expoentes jur\u00eddicos consagrados em Portugal e pertencentes \u00e0 institui\u00e7\u00e3o de ensino superior em que ocorreu o evento: professor catedr\u00e1tico Doutor Ant\u00f3nio Pedro Pereira Nina Barbas Homem (presidente); professor catedr\u00e1tico Doutor Eduardo Augusto Alves Vera-Cruz Pinto (orientador); professora Doutora Susana Antas Fernandes Videira Branco (arguente principal) e professor Doutor Lu\u00eds Miguel Prieto Nogueira de Brito (vogal), assessor do presidente da Rep\u00fablica de Portugal, Marcelo Rebelo de Sousa, que tamb\u00e9m \u00e9 docente da Faculdade.<\/p>\n<p>A Faculdade de Direito da Universidade de Lisboa (FDUL) \u00e9 uma das mais importantes do mundo. Dotada de um patrim\u00f3nio hist\u00f3rico que traz o passado para o presente inaugurando o futuro, integra nos seus espa\u00e7os a mem\u00f3ria coletiva daqueles que a frequentaram e trabalharam, dela fazendo uma Institui\u00e7\u00e3o de ensino superior de excel\u00eancia, aprimoramento e destaque no mundo jur\u00eddico.<\/p>\n<p>Na Faculdade est\u00e3o v\u00e1rias obras de arte e de s\u00edmbolos est\u00e9ticos da Justi\u00e7a e do ensino jur\u00eddico, em di\u00e1logo com o ensino e a vida do Direito.<\/p>\n<p>O professor Cl\u00e1udio Henrique de Castro teve a oportunidade de ministrar aula conjunta na Universidade Europeia sobre Direito de Fam\u00edlia e frequentou o curso intensivo sobre L\u00f3gica e Argumenta\u00e7\u00e3o em Contexto Jur\u00eddico (<em>Logic, Mistakeand Legal Reasoning).<\/em><\/p>\n<!-- AddThis Advanced Settings generic via filter on the_content --><!-- AddThis Share Buttons generic via filter on the_content -->","protected":false},"excerpt":{"rendered":"<p>23\/03\/2023 O Secret\u00e1rio Geral do Sinpes, professor Cl\u00e1udio Henrique de Castro, defendeu, no \u00faltimo dia 16 de fevereiro, sua de tese de P\u00f3s-Doutoramento. O Evento aconteceu na Faculdade de Direito de Lisboa, em Portugal. Professor adjunto do curso de Direito da Universidade Tuiuti do Paran\u00e1 (UTP), o agora p\u00f3s-doutor defendeu a tese \u201cA democracia direta [&hellip;]<!-- AddThis Advanced Settings generic via filter on wp_trim_excerpt --><!-- AddThis Share Buttons generic via filter on wp_trim_excerpt --><\/p>\n","protected":false},"author":3,"featured_media":0,"comment_status":"closed","ping_status":"open","sticky":false,"template":"","format":"standard","meta":{"footnotes":""},"categories":[7,18,13],"tags":[875,62,174,876],"class_list":["post-4233","post","type-post","status-publish","format-standard","hentry","category-arquivo-de-noticias","category-destaque","category-home","tag-professor-claudio","tag-sinpes","tag-tuiuti","tag-universidade-de-lisboa"],"_links":{"self":[{"href":"https:\/\/sinpes.org.br\/site\/wp-json\/wp\/v2\/posts\/4233","targetHints":{"allow":["GET"]}}],"collection":[{"href":"https:\/\/sinpes.org.br\/site\/wp-json\/wp\/v2\/posts"}],"about":[{"href":"https:\/\/sinpes.org.br\/site\/wp-json\/wp\/v2\/types\/post"}],"author":[{"embeddable":true,"href":"https:\/\/sinpes.org.br\/site\/wp-json\/wp\/v2\/users\/3"}],"replies":[{"embeddable":true,"href":"https:\/\/sinpes.org.br\/site\/wp-json\/wp\/v2\/comments?post=4233"}],"version-history":[{"count":1,"href":"https:\/\/sinpes.org.br\/site\/wp-json\/wp\/v2\/posts\/4233\/revisions"}],"predecessor-version":[{"id":4235,"href":"https:\/\/sinpes.org.br\/site\/wp-json\/wp\/v2\/posts\/4233\/revisions\/4235"}],"wp:attachment":[{"href":"https:\/\/sinpes.org.br\/site\/wp-json\/wp\/v2\/media?parent=4233"}],"wp:term":[{"taxonomy":"category","embeddable":true,"href":"https:\/\/sinpes.org.br\/site\/wp-json\/wp\/v2\/categories?post=4233"},{"taxonomy":"post_tag","embeddable":true,"href":"https:\/\/sinpes.org.br\/site\/wp-json\/wp\/v2\/tags?post=4233"}],"curies":[{"name":"wp","href":"https:\/\/api.w.org\/{rel}","templated":true}]}}