{"id":4207,"date":"2023-02-16T14:01:00","date_gmt":"2023-02-16T17:01:00","guid":{"rendered":"https:\/\/sinpes.org.br\/site\/?p=4207"},"modified":"2023-02-16T14:02:30","modified_gmt":"2023-02-16T17:02:30","slug":"ganancia-da-puc-pr-coloca-instituicao-na-contramao-do-papa-francisco-e-pode-comprometer-seu-titulo-de-pontificia-e-catolica","status":"publish","type":"post","link":"https:\/\/sinpes.org.br\/site\/ganancia-da-puc-pr-coloca-instituicao-na-contramao-do-papa-francisco-e-pode-comprometer-seu-titulo-de-pontificia-e-catolica\/","title":{"rendered":"Gan\u00e2ncia da PUC-PR coloca Institui\u00e7\u00e3o na contram\u00e3o do Papa Francisco e pode comprometer seu t\u00edtulo de Pontif\u00edcia e Cat\u00f3lica"},"content":{"rendered":"<p><strong>16\/02\/2023<\/strong><\/p>\n<p>Foto: ANSA<\/p>\n<p><a href=\"https:\/\/sinpes.org.br\/site\/wp-content\/uploads\/2023\/02\/Papa-Francisco-trabajadores-Genova.jpg\"><img loading=\"lazy\" decoding=\"async\" class=\"aligncenter size-full wp-image-4208\" src=\"https:\/\/sinpes.org.br\/site\/wp-content\/uploads\/2023\/02\/Papa-Francisco-trabajadores-Genova.jpg\" alt=\"\" width=\"640\" height=\"453\" srcset=\"https:\/\/sinpes.org.br\/site\/wp-content\/uploads\/2023\/02\/Papa-Francisco-trabajadores-Genova.jpg 640w, https:\/\/sinpes.org.br\/site\/wp-content\/uploads\/2023\/02\/Papa-Francisco-trabajadores-Genova-300x212.jpg 300w\" sizes=\"auto, (max-width: 640px) 100vw, 640px\" \/><\/a><\/p>\n<p>O Papa Francisco, de maneira recorrente, tem expressado seu reconhecimento acerca da import\u00e2ncia do movimento sindical. Em dezembro de 2022 assim se expressou: \u201cOs sindicatos s\u00e3o chamados a serem a voz de quem n\u00e3o tem voz\u201d, durante encontro com 6 mil lideran\u00e7as e trabalhadores ligados \u00e0 Confedera\u00e7\u00e3o Geral Italiana do Trabalho.<\/p>\n<p>A primeira vez que o Papa destacou a import\u00e2ncia dos sindicatos foi em 2017, ao receber representantes da mesma entidade. \u201cN\u00e3o existe uma boa sociedade sem um bom sindicato \u2013 e n\u00e3o h\u00e1 um bom sindicato que n\u00e3o renas\u00e7a todos os dias nas periferias\u201d, afirmou na ocasi\u00e3o. Agora, cinco anos depois, o l\u00edder religioso renovou seu apoio \u00e0s lutas sindicais. \u201cN\u00e3o h\u00e1 sindicato sem trabalhadores e n\u00e3o h\u00e1 trabalhadores livres sem sindicatos\u201d, enfatizou.<\/p>\n<p>Para Francisco, tr\u00eas preocupa\u00e7\u00f5es sobressaem hoje no mundo do trabalho. A primeira delas \u00e9 com a seguran\u00e7a dos trabalhadores. \u201cCada morte no trabalho \u00e9 uma derrota para toda a sociedade. N\u00e3o permitamos que ponham o lucro e a pessoa no mesmo patamar\u201d, afirmou. A segunda \u00e9 com a explora\u00e7\u00e3o do trabalhador. O papa criticou tanto o trabalho prec\u00e1rio quanto o an\u00e1logo \u00e0 escravid\u00e3o, al\u00e9m das jornadas exaustivas: \u201cH\u00e1 pessoas que, apesar de terem um emprego, n\u00e3o conseguem sustentar suas fam\u00edlias e ter esperan\u00e7a no futuro\u201d, salientou. E, a terceira \u00e9 com a situa\u00e7\u00e3o dos jovens e das mulheres. De acordo com ele, a juventude \u00e9 submetida cada vez mais a contratos de trabalho \u201cprec\u00e1rios, inadequados e escravizantes\u201d.<\/p>\n<p>O discurso do Santo Padre, no entanto, n\u00e3o tem sensibilizado o Grupo Marista, entidade de bases cat\u00f3licas que t\u00eam obtido dividendos materiais e espirituais da denomina\u00e7\u00e3o de Pontif\u00edcia da Institui\u00e7\u00e3o de Ensino Superior que mant\u00e9m no Estado do Paran\u00e1.<\/p>\n<p>Avessos ao discurso do Sumo Pont\u00edfice, com o prop\u00f3sito inequ\u00edvoco de constranger seus professores e fragilizar as entidades sindicais, os Maristas insistem em exigir dos professores burocr\u00e1tica manifesta\u00e7\u00e3o expressa autorizando o desconto da contribui\u00e7\u00e3o negocial em favor do SINPES. Isso apesar de terem assumido compromisso de prestigiar a autoriza\u00e7\u00e3o de desconto e repasse dos valores respectivos com direito de oposi\u00e7\u00e3o, oriunda de assembleia geral para a qual foram convocados todos os interessados.<\/p>\n<p>O Sinpes recorda que por praticar atos bem menos gravosos \u00e0 coletividade a Universidade do Peru perdeu seus t\u00edtulos de \u201cPontif\u00edcia\u201d e \u201cCat\u00f3lica\u201d. Segundo not\u00edcia extra\u00edda do endere\u00e7o eletr\u00f4nico <a href=\"https:\/\/www.dgabc.com.br\/Noticia\/48038\/vaticano-tira-carater-pontificio-e-catolico-da-puc-peru\">https:\/\/www.dgabc.com.br\/Noticia\/48038\/vaticano-tira-carater-pontificio-e-catolico-da-puc-peru<\/a> a rea\u00e7\u00e3o da Santa S\u00e9 \u201cdecorreu de decreto do Secret\u00e1rio de Estado Tarc\u00edsio Bertone, o n\u00famero dois do Vaticano\u201d e foi tomada porque em setembro de 2011 \u201co arcebispo de Lima, cardeal Juan Luis Cipriani Thorne, identificou diferen\u00e7as ideol\u00f3gicas entre professores e alunos em rela\u00e7\u00e3o \u00e0s posi\u00e7\u00f5es da Igreja.\u201d<\/p>\n<p>O Sinpes estuda encaminhar den\u00fancias ao Santo Padre acerca dessa e de outras atitudes antissindicais perpetradas pelo Grupo Marista, questionando as denomina\u00e7\u00f5es de Pontif\u00edcia e Cat\u00f3lica obtidas pela PUCPR.<\/p>\n<p><strong>O sindicato entrou em contato com a Assessoria de Imprensa da PUC-PR pedindo uma nota sobre a posi\u00e7\u00e3o da universidade frente \u00e0 Contribui\u00e7\u00e3o Negocial. Mas at\u00e9 a publica\u00e7\u00e3o deste texto a PUC n\u00e3o tinha se manifestado.\u00a0<\/strong><\/p>\n<!-- AddThis Advanced Settings generic via filter on the_content --><!-- AddThis Share Buttons generic via filter on the_content -->","protected":false},"excerpt":{"rendered":"<p>16\/02\/2023 Foto: ANSA O Papa Francisco, de maneira recorrente, tem expressado seu reconhecimento acerca da import\u00e2ncia do movimento sindical. Em dezembro de 2022 assim se expressou: \u201cOs sindicatos s\u00e3o chamados a serem a voz de quem n\u00e3o tem voz\u201d, durante encontro com 6 mil lideran\u00e7as e trabalhadores ligados \u00e0 Confedera\u00e7\u00e3o Geral Italiana do Trabalho. A [&hellip;]<!-- AddThis Advanced Settings generic via filter on wp_trim_excerpt --><!-- AddThis Share Buttons generic via filter on wp_trim_excerpt --><\/p>\n","protected":false},"author":3,"featured_media":0,"comment_status":"closed","ping_status":"open","sticky":false,"template":"","format":"standard","meta":{"footnotes":""},"categories":[7,478,18,13,2],"tags":[],"class_list":["post-4207","post","type-post","status-publish","format-standard","hentry","category-arquivo-de-noticias","category-coronavirus-e-direitos-dos-professores","category-destaque","category-home","category-puc"],"_links":{"self":[{"href":"https:\/\/sinpes.org.br\/site\/wp-json\/wp\/v2\/posts\/4207","targetHints":{"allow":["GET"]}}],"collection":[{"href":"https:\/\/sinpes.org.br\/site\/wp-json\/wp\/v2\/posts"}],"about":[{"href":"https:\/\/sinpes.org.br\/site\/wp-json\/wp\/v2\/types\/post"}],"author":[{"embeddable":true,"href":"https:\/\/sinpes.org.br\/site\/wp-json\/wp\/v2\/users\/3"}],"replies":[{"embeddable":true,"href":"https:\/\/sinpes.org.br\/site\/wp-json\/wp\/v2\/comments?post=4207"}],"version-history":[{"count":2,"href":"https:\/\/sinpes.org.br\/site\/wp-json\/wp\/v2\/posts\/4207\/revisions"}],"predecessor-version":[{"id":4210,"href":"https:\/\/sinpes.org.br\/site\/wp-json\/wp\/v2\/posts\/4207\/revisions\/4210"}],"wp:attachment":[{"href":"https:\/\/sinpes.org.br\/site\/wp-json\/wp\/v2\/media?parent=4207"}],"wp:term":[{"taxonomy":"category","embeddable":true,"href":"https:\/\/sinpes.org.br\/site\/wp-json\/wp\/v2\/categories?post=4207"},{"taxonomy":"post_tag","embeddable":true,"href":"https:\/\/sinpes.org.br\/site\/wp-json\/wp\/v2\/tags?post=4207"}],"curies":[{"name":"wp","href":"https:\/\/api.w.org\/{rel}","templated":true}]}}