{"id":4198,"date":"2023-02-13T10:28:24","date_gmt":"2023-02-13T13:28:24","guid":{"rendered":"https:\/\/sinpes.org.br\/site\/?p=4198"},"modified":"2023-02-13T10:28:24","modified_gmt":"2023-02-13T13:28:24","slug":"grupo-marista-descumpre-a-cct-ao-praticar-ato-antissindical","status":"publish","type":"post","link":"https:\/\/sinpes.org.br\/site\/grupo-marista-descumpre-a-cct-ao-praticar-ato-antissindical\/","title":{"rendered":"GRUPO MARISTA DESCUMPRE A CCT AO PRATICAR ATO ANTISSINDICAL"},"content":{"rendered":"<p><strong>13\/02\/2023<\/strong><\/p>\n<p>Conforme divulgado no curso do ano de 2022, a negocia\u00e7\u00e3o que culminou na celebra\u00e7\u00e3o da nova Conven\u00e7\u00e3o Coletiva de Trabalho (CCT) foi uma das mais duras dos \u00faltimos tempos. Depois de sucessivas assembleias rejeitando indecorosas propostas patronais, foi poss\u00edvel chegar a um denominador comum ap\u00f3s o alcance de um consenso sobre a recomposi\u00e7\u00e3o gradual do poder aquisitivo dos sal\u00e1rios de sorte a compensar a deprecia\u00e7\u00e3o inflacion\u00e1ria do per\u00edodo compreendido entre mar\u00e7o de 2021 e fevereiro de 2023, ainda que de forma parcelada e gradual.<\/p>\n<p>Entre as condi\u00e7\u00f5es ajustadas, as partes renovaram compromisso de manterem a sistem\u00e1tica de cobran\u00e7a da contribui\u00e7\u00e3o negocial aprovada pela categoria em assembleia geral. Foi assim prestigiada a possibilidade de oposi\u00e7\u00e3o ao pagamento da contribui\u00e7\u00e3o pelo prazo de quinze dias ap\u00f3s a divulga\u00e7\u00e3o dessa alternativa no s\u00edtio eletr\u00f4nico do Sinpes e a obriga\u00e7\u00e3o de as institui\u00e7\u00f5es de ensino superior promoverem o desconto de um dia de sal\u00e1rio nos meses de mar\u00e7o de 2023 e fevereiro de 2024 dos professores que n\u00e3o se opuseram (a CCT assinada tem validade de dois anos).<\/p>\n<p>A PUC, por sua vez, participou ativamente das tratativas que culminaram na aprova\u00e7\u00e3o da CCT 2022\/2024. Inclusive prestigiou a assinatura do acordo sem fazer qualquer ressalva. Na ocasi\u00e3o, conforme foto ent\u00e3o veiculada pela assessoria jornal\u00edstica de ambos os sindicatos, al\u00e9m da presen\u00e7a dos presidentes das entidades sindicais, ainda esteve presente Leandro Figueira Neto, Diretor de Desenvolvimento Humano e Organizacional do Grupo Marista.<\/p>\n<div id=\"attachment_4199\" style=\"width: 315px\" class=\"wp-caption aligncenter\"><a href=\"https:\/\/sinpes.org.br\/site\/wp-content\/uploads\/2023\/02\/WhatsApp-Image-2023-02-09-at-12.09.00.jpeg\"><img loading=\"lazy\" decoding=\"async\" aria-describedby=\"caption-attachment-4199\" class=\" wp-image-4199\" src=\"https:\/\/sinpes.org.br\/site\/wp-content\/uploads\/2023\/02\/WhatsApp-Image-2023-02-09-at-12.09.00-225x300.jpeg\" alt=\"\" width=\"305\" height=\"407\" srcset=\"https:\/\/sinpes.org.br\/site\/wp-content\/uploads\/2023\/02\/WhatsApp-Image-2023-02-09-at-12.09.00-225x300.jpeg 225w, https:\/\/sinpes.org.br\/site\/wp-content\/uploads\/2023\/02\/WhatsApp-Image-2023-02-09-at-12.09.00-768x1024.jpeg 768w, https:\/\/sinpes.org.br\/site\/wp-content\/uploads\/2023\/02\/WhatsApp-Image-2023-02-09-at-12.09.00-1152x1536.jpeg 1152w, https:\/\/sinpes.org.br\/site\/wp-content\/uploads\/2023\/02\/WhatsApp-Image-2023-02-09-at-12.09.00.jpeg 1200w\" sizes=\"auto, (max-width: 305px) 100vw, 305px\" \/><\/a><p id=\"caption-attachment-4199\" class=\"wp-caption-text\">foto ent\u00e3o veiculada pela assessoria jornal\u00edstica de ambos os sindicatos, al\u00e9m da presen\u00e7a dos presidentes das entidades sindicais, ainda esteve presente Leandro Figueira Neto, Diretor de Desenvolvimento Humano e Organizacional do Grupo Marista.<\/p><\/div>\n<p>Foi com surpresa que os dirigentes do SINPES receberam den\u00fancia de que, na contram\u00e3o do que foi ajustado, o Grupo Marista insiste em exigir dos professores manifesta\u00e7\u00e3o expressa autorizando o desconto da contribui\u00e7\u00e3o negocial, fazendo ouvidos moucos do compromisso assumido entre as entidades sindicais com a sua participa\u00e7\u00e3o ativa.<\/p>\n<p>A postura antissindical agrava-se na medida em que os professores receberam correspond\u00eancia virtual em plenas f\u00e9rias escolares, quando a articula\u00e7\u00e3o com os docentes encontra-se naturalmente prejudicada, condicionando o desconto da contribui\u00e7\u00e3o negocial ao encaminhamento da burocr\u00e1tica autoriza\u00e7\u00e3o at\u00e9 03.03.2023, sexta-feira que antecede o in\u00edcio das aulas, previsto para o dia 06.03.2023.<\/p>\n<p>O Sinpes lamenta mais essa postura sorrateira da PUC e est\u00e1 estudando as provid\u00eancias pol\u00edticas e jur\u00eddicas que lhe s\u00e3o pertinentes.<\/p>\n<p><strong>O sindicato entrou em contato com a assessoria de imprensa da PUC-PR pedindo uma nota de esclarecimento sobre os fatos trazidos neste texto. Por\u00e9m, at\u00e9 a publica\u00e7\u00e3o do mesmo a PUC n\u00e3o tinha se manifestado. <\/strong><\/p>\n<!-- AddThis Advanced Settings generic via filter on the_content --><!-- AddThis Share Buttons generic via filter on the_content -->","protected":false},"excerpt":{"rendered":"<p>13\/02\/2023 Conforme divulgado no curso do ano de 2022, a negocia\u00e7\u00e3o que culminou na celebra\u00e7\u00e3o da nova Conven\u00e7\u00e3o Coletiva de Trabalho (CCT) foi uma das mais duras dos \u00faltimos tempos. Depois de sucessivas assembleias rejeitando indecorosas propostas patronais, foi poss\u00edvel chegar a um denominador comum ap\u00f3s o alcance de um consenso sobre a recomposi\u00e7\u00e3o gradual [&hellip;]<!-- AddThis Advanced Settings generic via filter on wp_trim_excerpt --><!-- AddThis Share Buttons generic via filter on wp_trim_excerpt --><\/p>\n","protected":false},"author":3,"featured_media":0,"comment_status":"closed","ping_status":"open","sticky":false,"template":"","format":"standard","meta":{"footnotes":""},"categories":[7,18,13,2],"tags":[331,597,635,61,404,62],"class_list":["post-4198","post","type-post","status-publish","format-standard","hentry","category-arquivo-de-noticias","category-destaque","category-home","category-puc","tag-cct","tag-contribuicao-negocial","tag-professores-da-puc","tag-puc","tag-sindicato","tag-sinpes"],"_links":{"self":[{"href":"https:\/\/sinpes.org.br\/site\/wp-json\/wp\/v2\/posts\/4198","targetHints":{"allow":["GET"]}}],"collection":[{"href":"https:\/\/sinpes.org.br\/site\/wp-json\/wp\/v2\/posts"}],"about":[{"href":"https:\/\/sinpes.org.br\/site\/wp-json\/wp\/v2\/types\/post"}],"author":[{"embeddable":true,"href":"https:\/\/sinpes.org.br\/site\/wp-json\/wp\/v2\/users\/3"}],"replies":[{"embeddable":true,"href":"https:\/\/sinpes.org.br\/site\/wp-json\/wp\/v2\/comments?post=4198"}],"version-history":[{"count":1,"href":"https:\/\/sinpes.org.br\/site\/wp-json\/wp\/v2\/posts\/4198\/revisions"}],"predecessor-version":[{"id":4200,"href":"https:\/\/sinpes.org.br\/site\/wp-json\/wp\/v2\/posts\/4198\/revisions\/4200"}],"wp:attachment":[{"href":"https:\/\/sinpes.org.br\/site\/wp-json\/wp\/v2\/media?parent=4198"}],"wp:term":[{"taxonomy":"category","embeddable":true,"href":"https:\/\/sinpes.org.br\/site\/wp-json\/wp\/v2\/categories?post=4198"},{"taxonomy":"post_tag","embeddable":true,"href":"https:\/\/sinpes.org.br\/site\/wp-json\/wp\/v2\/tags?post=4198"}],"curies":[{"name":"wp","href":"https:\/\/api.w.org\/{rel}","templated":true}]}}