{"id":4193,"date":"2023-01-30T09:59:47","date_gmt":"2023-01-30T12:59:47","guid":{"rendered":"https:\/\/sinpes.org.br\/site\/?p=4193"},"modified":"2023-01-30T09:59:47","modified_gmt":"2023-01-30T12:59:47","slug":"demissoes-e-constrangimento-no-uninter","status":"publish","type":"post","link":"https:\/\/sinpes.org.br\/site\/demissoes-e-constrangimento-no-uninter\/","title":{"rendered":"Demiss\u00f5es e constrangimento no Uninter"},"content":{"rendered":"<p><strong>30\/01\/2023<\/strong><\/p>\n<p>O Sindicato dos Professores de Ensino Superior de Curitiba e Regi\u00e3o Metropolitana \u2013 SINPES recebeu den\u00fancias sobre demiss\u00f5es no Centro Universit\u00e1rio Internacional \u2013 Uninter na \u00faltima semana.<\/p>\n<p>Segundo informado ao Sinpes, seis professores teriam sido demitidos de forma coletiva, expostos a constrangimentos da\u00ed decorrentes, ao serem chamados para uma suposta reuni\u00e3o em sala em que estava presente o Diretor da Escola de Sa\u00fade e integrantes do Departamento de Recursos Humanos.<\/p>\n<p>Na oportunidade, foram laconicamente informados de que as despedidas resultaram de necessidade de \u201creformula\u00e7\u00f5es e conten\u00e7\u00e3o de despesas\u201d, deixando os docentes at\u00f4nitos e extremamente abalados por serem desligados de maneira t\u00e3o fria e com desrespeito \u00e0 privacidade de cada um, depois de anos dedicados \u00e0 doc\u00eancia no Uninter.<\/p>\n<p>H\u00e1 tamb\u00e9m a den\u00fancia de diminui\u00e7\u00e3o injustificada de carga hor\u00e1ria dos docentes que n\u00e3o foram demitidos e de outras demiss\u00f5es feitas sem respeito \u00e0 privacidade dos desligados.<\/p>\n<p>O sindicato destaca que \u00e9 ilegal o constrangimento e o ass\u00e9dio a que foram submetidos os seis professores acima referidos, o que enseja indeniza\u00e7\u00e3o por dano moral. Ao mesmo tempo em que repudia essa torpe conduta patronal, recomenda que os professores prejudicados busquem o ressarcimento de tais valores atrav\u00e9s do ajuizamento de a\u00e7\u00f5es individuais.<\/p>\n<p><strong>O Sinpes entrou em contato com o Uninter pedindo uma nota sobre as den\u00fancias trazidas neste texto. Por\u00e9m, at\u00e9 a publica\u00e7\u00e3o do mesmo o sindicato n\u00e3o tinha recebido resposta.\u00a0<\/strong><\/p>\n<!-- AddThis Advanced Settings generic via filter on the_content --><!-- AddThis Share Buttons generic via filter on the_content -->","protected":false},"excerpt":{"rendered":"<p>30\/01\/2023 O Sindicato dos Professores de Ensino Superior de Curitiba e Regi\u00e3o Metropolitana \u2013 SINPES recebeu den\u00fancias sobre demiss\u00f5es no Centro Universit\u00e1rio Internacional \u2013 Uninter na \u00faltima semana. Segundo informado ao Sinpes, seis professores teriam sido demitidos de forma coletiva, expostos a constrangimentos da\u00ed decorrentes, ao serem chamados para uma suposta reuni\u00e3o em sala em [&hellip;]<!-- AddThis Advanced Settings generic via filter on wp_trim_excerpt --><!-- AddThis Share Buttons generic via filter on wp_trim_excerpt --><\/p>\n","protected":false},"author":3,"featured_media":0,"comment_status":"closed","ping_status":"open","sticky":false,"template":"","format":"standard","meta":{"footnotes":""},"categories":[7,18,13],"tags":[366,558,541,404,62,469],"class_list":["post-4193","post","type-post","status-publish","format-standard","hentry","category-arquivo-de-noticias","category-destaque","category-home","tag-demissoes","tag-demissoes-no-uninter","tag-professores-do-uninter","tag-sindicato","tag-sinpes","tag-uninter"],"_links":{"self":[{"href":"https:\/\/sinpes.org.br\/site\/wp-json\/wp\/v2\/posts\/4193","targetHints":{"allow":["GET"]}}],"collection":[{"href":"https:\/\/sinpes.org.br\/site\/wp-json\/wp\/v2\/posts"}],"about":[{"href":"https:\/\/sinpes.org.br\/site\/wp-json\/wp\/v2\/types\/post"}],"author":[{"embeddable":true,"href":"https:\/\/sinpes.org.br\/site\/wp-json\/wp\/v2\/users\/3"}],"replies":[{"embeddable":true,"href":"https:\/\/sinpes.org.br\/site\/wp-json\/wp\/v2\/comments?post=4193"}],"version-history":[{"count":1,"href":"https:\/\/sinpes.org.br\/site\/wp-json\/wp\/v2\/posts\/4193\/revisions"}],"predecessor-version":[{"id":4194,"href":"https:\/\/sinpes.org.br\/site\/wp-json\/wp\/v2\/posts\/4193\/revisions\/4194"}],"wp:attachment":[{"href":"https:\/\/sinpes.org.br\/site\/wp-json\/wp\/v2\/media?parent=4193"}],"wp:term":[{"taxonomy":"category","embeddable":true,"href":"https:\/\/sinpes.org.br\/site\/wp-json\/wp\/v2\/categories?post=4193"},{"taxonomy":"post_tag","embeddable":true,"href":"https:\/\/sinpes.org.br\/site\/wp-json\/wp\/v2\/tags?post=4193"}],"curies":[{"name":"wp","href":"https:\/\/api.w.org\/{rel}","templated":true}]}}