{"id":4185,"date":"2023-01-26T15:11:52","date_gmt":"2023-01-26T18:11:52","guid":{"rendered":"https:\/\/sinpes.org.br\/site\/?p=4185"},"modified":"2023-01-26T15:11:52","modified_gmt":"2023-01-26T18:11:52","slug":"professores-as-da-puc-que-nao-desejam-participar-de-acordo-coletivo-devem-informar-o-sindicato-ate-15-03-2023","status":"publish","type":"post","link":"https:\/\/sinpes.org.br\/site\/professores-as-da-puc-que-nao-desejam-participar-de-acordo-coletivo-devem-informar-o-sindicato-ate-15-03-2023\/","title":{"rendered":"Professores\/as da PUC que n\u00e3o desejam participar de Acordo Coletivo devem informar o Sindicato at\u00e9 15\/03\/2023"},"content":{"rendered":"<p><strong>26\/01\/2023<\/strong><\/p>\n<p>No m\u00eas de dezembro de 2022, professores e professoras da Pontif\u00edcia Universidade Cat\u00f3lica do Paran\u00e1 (PUC-PR) aprovaram, por meio de vota\u00e7\u00e3o <em>online<\/em>, Acordo Coletivo de Trabalho entabulado entre PUC e Sinpes com o objetivo de pacificar parcialmente os lit\u00edgios trabalhistas ainda pendentes de julgamento perante a Justi\u00e7a do Trabalho.<\/p>\n<p>Sinpes e PUC-PR estiveram em negocia\u00e7\u00f5es durante praticamente todo o ano de 2022 com o objetivo de p\u00f4r fim a diversas demandas trabalhistas.<\/p>\n<p>Conforme esclarecido na assembleia geral que aprovou o Acordo Coletivo de Trabalho, os valores ajustados para pagamento aos professores interessados, assim como o pagamento parcial, a partir do ano letivo de 2023, dos minutos despendidos nos hor\u00e1rios de recreio, constituem excelentes conquistas para os professores que permanecem prestando servi\u00e7os e que n\u00e3o t\u00eam inten\u00e7\u00e3o de ajuizar a\u00e7\u00e3o contra a PUCPR.<\/p>\n<p>\u00c0queles que j\u00e1 t\u00eam a\u00e7\u00f5es trabalhistas ajuizadas contra a PUCPR ficaram fora do Acordo Coletivo de Trabalho tendo em vista a possibilidade concreta de serem obtidos pela via de decis\u00e3o judicial valores superiores aos acordados. Embora essa possibilidade n\u00e3o seja certeza, de acordo com a atual tend\u00eancia jurisprudencial do Tribunal Superior do Trabalho (TST), melhor apostar nas a\u00e7\u00f5es individuais do que nos valores ajustados por via de negocia\u00e7\u00e3o coletiva.<\/p>\n<p>O Sinpes recomenda que aqueles professores que pretendem ajuizar a\u00e7\u00f5es trabalhistas contra a PUCPR, mas ainda n\u00e3o o fizeram por raz\u00f5es diversas, manifestem sua inten\u00e7\u00e3o de ser exclu\u00eddos dos efeitos do Acordo Coletivo de Trabalho assinado em dezembro de 2022. Assim procedendo ter\u00e3o boa chance de receber valores superiores em suas a\u00e7\u00f5es individuais.<\/p>\n<p>Conforme estabelecido pelo <strong>Inciso III do Par\u00e1grafo Primeiro<\/strong> do acordo entabulado entre as partes, <em>\u201caqueles professores que n\u00e3o pretendam aderir ao presente acordo, renunciando aos benef\u00edcios e \u00f4nus dele decorrentes<\/em>\u201d dever\u00e3o manifestar \u201c<em>essa inten\u00e7\u00e3o at\u00e9 <strong>15.03.2023<\/strong> mediante encaminhamento de telegrama com c\u00f3pia confirmat\u00f3ria de inteiro teor e aviso de recebimento\u201d.<\/em><\/p>\n<p>O telegrama deve ser encaminhado ao SINPES, situado na Avenida Marechal Deodoro, 869, sala 606 \u2013 Centro, Curitiba com o seguinte teor: \u201csirvo-me do presente para declarar minha inten\u00e7\u00e3o de n\u00e3o ser inclu\u00eddo nos efeitos do Acordo Coletivo de Trabalho assinado pelo Sinpes e pela Associa\u00e7\u00e3o Paranaense de Cultura no m\u00eas de dezembro de 2022.<\/p>\n<p><strong>Confira nos links abaixo a integralidade do Acordo Coletivo de Trabalho, assim como coment\u00e1rios sobre os seus principais aspectos:<\/strong><\/p>\n<p><a href=\"https:\/\/sinpes.org.br\/site\/wp-content\/uploads\/2022\/12\/Minuta-Acordo-PUC.pdf\">https:\/\/sinpes.org.br\/site\/wp-content\/uploads\/2022\/12\/Minuta-Acordo-PUC.pdf<\/a><\/p>\n<p><a href=\"https:\/\/sinpes.org.br\/site\/presidente-do-sinpes-convoca-professores-as-da-puc-para-assembleia-geral\/\">https:\/\/sinpes.org.br\/site\/presidente-do-sinpes-convoca-professores-as-da-puc-para-assembleia-geral\/<\/a><\/p>\n<p><a href=\"https:\/\/sinpes.org.br\/site\/sinpes-e-puc-fecham-acordo-coletivo-de-trabalho-que-sera-analisado-pelos-interessados-em-assembleia\/\">https:\/\/sinpes.org.br\/site\/sinpes-e-puc-fecham-acordo-coletivo-de-trabalho-que-sera-analisado-pelos-interessados-em-assembleia\/<\/a><\/p>\n<p>&nbsp;<\/p>\n<!-- AddThis Advanced Settings generic via filter on the_content --><!-- AddThis Share Buttons generic via filter on the_content -->","protected":false},"excerpt":{"rendered":"<p>26\/01\/2023 No m\u00eas de dezembro de 2022, professores e professoras da Pontif\u00edcia Universidade Cat\u00f3lica do Paran\u00e1 (PUC-PR) aprovaram, por meio de vota\u00e7\u00e3o online, Acordo Coletivo de Trabalho entabulado entre PUC e Sinpes com o objetivo de pacificar parcialmente os lit\u00edgios trabalhistas ainda pendentes de julgamento perante a Justi\u00e7a do Trabalho. Sinpes e PUC-PR estiveram em [&hellip;]<!-- AddThis Advanced Settings generic via filter on wp_trim_excerpt --><!-- AddThis Share Buttons generic via filter on wp_trim_excerpt --><\/p>\n","protected":false},"author":3,"featured_media":0,"comment_status":"closed","ping_status":"open","sticky":false,"template":"","format":"standard","meta":{"footnotes":""},"categories":[7,18,13,2],"tags":[39,486,615,61,404],"class_list":["post-4185","post","type-post","status-publish","format-standard","hentry","category-arquivo-de-noticias","category-destaque","category-home","category-puc","tag-acordo","tag-acordo-puc","tag-professores-puc","tag-puc","tag-sindicato"],"_links":{"self":[{"href":"https:\/\/sinpes.org.br\/site\/wp-json\/wp\/v2\/posts\/4185","targetHints":{"allow":["GET"]}}],"collection":[{"href":"https:\/\/sinpes.org.br\/site\/wp-json\/wp\/v2\/posts"}],"about":[{"href":"https:\/\/sinpes.org.br\/site\/wp-json\/wp\/v2\/types\/post"}],"author":[{"embeddable":true,"href":"https:\/\/sinpes.org.br\/site\/wp-json\/wp\/v2\/users\/3"}],"replies":[{"embeddable":true,"href":"https:\/\/sinpes.org.br\/site\/wp-json\/wp\/v2\/comments?post=4185"}],"version-history":[{"count":1,"href":"https:\/\/sinpes.org.br\/site\/wp-json\/wp\/v2\/posts\/4185\/revisions"}],"predecessor-version":[{"id":4186,"href":"https:\/\/sinpes.org.br\/site\/wp-json\/wp\/v2\/posts\/4185\/revisions\/4186"}],"wp:attachment":[{"href":"https:\/\/sinpes.org.br\/site\/wp-json\/wp\/v2\/media?parent=4185"}],"wp:term":[{"taxonomy":"category","embeddable":true,"href":"https:\/\/sinpes.org.br\/site\/wp-json\/wp\/v2\/categories?post=4185"},{"taxonomy":"post_tag","embeddable":true,"href":"https:\/\/sinpes.org.br\/site\/wp-json\/wp\/v2\/tags?post=4185"}],"curies":[{"name":"wp","href":"https:\/\/api.w.org\/{rel}","templated":true}]}}