{"id":4183,"date":"2023-01-26T09:57:02","date_gmt":"2023-01-26T12:57:02","guid":{"rendered":"https:\/\/sinpes.org.br\/site\/?p=4183"},"modified":"2023-01-26T09:57:02","modified_gmt":"2023-01-26T12:57:02","slug":"sinpes-atento-aos-desdobramentos-da-crise-na-fesp","status":"publish","type":"post","link":"https:\/\/sinpes.org.br\/site\/sinpes-atento-aos-desdobramentos-da-crise-na-fesp\/","title":{"rendered":"SINPES ATENTO AOS DESDOBRAMENTOS DA CRISE NA FESP"},"content":{"rendered":"<p><strong>26\/01\/2023<\/strong><\/p>\n<p>Apesar dos redobrados esfor\u00e7os da atual dire\u00e7\u00e3o, dos sacrif\u00edcios e da colabora\u00e7\u00e3o de seus valorosos professores, a FESP n\u00e3o prosseguir\u00e1 suas atividades no ano de 2023 nos moldes em que vinha atuando por d\u00e9cadas. Todos os seus docentes foram demitidos ao final do ano passado e a continuidade das atividades depende de negocia\u00e7\u00f5es que est\u00e3o sendo entabuladas com novo mantenedor.<\/p>\n<p>Em contato com o presidente do Sinpes, o professor Gilson Bonato comprometeu-se a encaminhar a todos os professores interessados e ao sindicato uma planilha das verbas rescis\u00f3rias devidas, bem como das diferen\u00e7as salariais que remanescem com a m\u00e1xima urg\u00eancia. Igualmente ser\u00e3o encaminhados demonstrativos de valores que j\u00e1 foram pagos em face do acordo judicial pactuado entre as partes.<\/p>\n<p>A FESP estima que j\u00e1 despendeu cerca de \u00bc dos valores atrasados devidos. N\u00e3o \u00e9 essa a impress\u00e3o de alguns professores que revelaram ao Sinpes que n\u00e3o teriam sido pagos sequer os sal\u00e1rios reduzidos tal e qual constaram da transa\u00e7\u00e3o entabulada entre as partes. O Sinpes aguarda a presta\u00e7\u00e3o de contas da FESP para, em conjunto com os professores, precisar a extens\u00e3o dos valores devidos.<\/p>\n<p>Existe interesse do novo mantenedor na quita\u00e7\u00e3o total dos contratos de trabalho dos professores demitidos, para que n\u00e3o restem pend\u00eancias futuras de responsabilidade do sucessor. Por essa raz\u00e3o, o Sinpes negocia com a FESP o pagamento de uma indeniza\u00e7\u00e3o compensat\u00f3ria adicional para quita\u00e7\u00e3o integral do passivo trabalhista, nos moldes pactuados com a Faculdade Evang\u00e9lica h\u00e1 alguns anos.<\/p>\n<p>A ideia \u00e9 que a indeniza\u00e7\u00e3o a ser ajustada, as verbas rescis\u00f3rias e as diferen\u00e7as salariais ainda devidas possam fazer parte dessa negocia\u00e7\u00e3o de sorte a propiciar a quita\u00e7\u00e3o integral dos contratos por parte dos professores atrav\u00e9s do Sinpes.<\/p>\n<p>As tratativas ainda se encontram incipientes. Os professores ser\u00e3o informados de sua evolu\u00e7\u00e3o pelos canais informativos do Sinpes e no grupo de Whatsapp que congrega os professores da FESP e dirigentes do sindicato.<\/p>\n<p>Mantenham-se atentos!<\/p>\n<p>&nbsp;<\/p>\n<!-- AddThis Advanced Settings generic via filter on the_content --><!-- AddThis Share Buttons generic via filter on the_content -->","protected":false},"excerpt":{"rendered":"<p>26\/01\/2023 Apesar dos redobrados esfor\u00e7os da atual dire\u00e7\u00e3o, dos sacrif\u00edcios e da colabora\u00e7\u00e3o de seus valorosos professores, a FESP n\u00e3o prosseguir\u00e1 suas atividades no ano de 2023 nos moldes em que vinha atuando por d\u00e9cadas. Todos os seus docentes foram demitidos ao final do ano passado e a continuidade das atividades depende de negocia\u00e7\u00f5es que [&hellip;]<!-- AddThis Advanced Settings generic via filter on wp_trim_excerpt --><!-- AddThis Share Buttons generic via filter on wp_trim_excerpt --><\/p>\n","protected":false},"author":3,"featured_media":0,"comment_status":"closed","ping_status":"open","sticky":false,"template":"","format":"standard","meta":{"footnotes":""},"categories":[7,478,18,13],"tags":[39,817,366,372,57,818],"class_list":["post-4183","post","type-post","status-publish","format-standard","hentry","category-arquivo-de-noticias","category-coronavirus-e-direitos-dos-professores","category-destaque","category-home","tag-acordo","tag-acordo-facel","tag-demissoes","tag-direitos","tag-facel","tag-professores-da-facel"],"_links":{"self":[{"href":"https:\/\/sinpes.org.br\/site\/wp-json\/wp\/v2\/posts\/4183","targetHints":{"allow":["GET"]}}],"collection":[{"href":"https:\/\/sinpes.org.br\/site\/wp-json\/wp\/v2\/posts"}],"about":[{"href":"https:\/\/sinpes.org.br\/site\/wp-json\/wp\/v2\/types\/post"}],"author":[{"embeddable":true,"href":"https:\/\/sinpes.org.br\/site\/wp-json\/wp\/v2\/users\/3"}],"replies":[{"embeddable":true,"href":"https:\/\/sinpes.org.br\/site\/wp-json\/wp\/v2\/comments?post=4183"}],"version-history":[{"count":1,"href":"https:\/\/sinpes.org.br\/site\/wp-json\/wp\/v2\/posts\/4183\/revisions"}],"predecessor-version":[{"id":4184,"href":"https:\/\/sinpes.org.br\/site\/wp-json\/wp\/v2\/posts\/4183\/revisions\/4184"}],"wp:attachment":[{"href":"https:\/\/sinpes.org.br\/site\/wp-json\/wp\/v2\/media?parent=4183"}],"wp:term":[{"taxonomy":"category","embeddable":true,"href":"https:\/\/sinpes.org.br\/site\/wp-json\/wp\/v2\/categories?post=4183"},{"taxonomy":"post_tag","embeddable":true,"href":"https:\/\/sinpes.org.br\/site\/wp-json\/wp\/v2\/tags?post=4183"}],"curies":[{"name":"wp","href":"https:\/\/api.w.org\/{rel}","templated":true}]}}