{"id":4163,"date":"2022-12-14T17:51:26","date_gmt":"2022-12-14T20:51:26","guid":{"rendered":"https:\/\/sinpes.org.br\/site\/?p=4163"},"modified":"2022-12-14T17:51:26","modified_gmt":"2022-12-14T20:51:26","slug":"votacao-da-assembleia-dos-professores-e-professoras-da-tuiuti","status":"publish","type":"post","link":"https:\/\/sinpes.org.br\/site\/votacao-da-assembleia-dos-professores-e-professoras-da-tuiuti\/","title":{"rendered":"Vota\u00e7\u00e3o da Assembleia dos professores e professoras da Tuiuti"},"content":{"rendered":"<div dir=\"auto\">Nesta quarta-feira (14\/12), o Sinpes realizou Assembleia Geral Virtual com professores e professoras da Universidade Tuiuti do Paran\u00e1.<\/div>\n<div dir=\"auto\">No evento foram discutidos e esclarecidos diversos aspectos de Acordo Coletivo de Trabalho negociado entre o Sinpes Tuiuti.<\/div>\n<div dir=\"auto\">O Acordo volta-se para o fracionamento do pagamento da gratifica\u00e7\u00e3o de f\u00e9rias e do abono convencional, assim como do estabelecimento de nova data para o pagamento das f\u00e9rias gozadas no m\u00eas de janeiro de 2023. Em contrapartida estabelece garantia de emprego por tempo determinado para os professores envolvidos. Ap\u00f3s debate acerca da pertin\u00eancia da celebra\u00e7\u00e3o do Acordo, os professores t\u00eam at\u00e9 as 23h59 desta quinta-feira 15\/12\/2022 para votar se aprovam ou n\u00e3o o convencionado. A vota\u00e7\u00e3o se dar\u00e1 por meio do link:<\/div>\n<div dir=\"auto\"><\/div>\n<div dir=\"auto\"><a href=\"https:\/\/docs.google.com\/forms\/d\/e\/1FAIpQLSd3a94wT1AVqJRrGVDJ9-Z6zFR9YrUfdnm-IF0rubfjqXuvag\/viewform?vc=0&amp;c=0&amp;w=1&amp;flr=0\">https:\/\/docs.google.com\/forms\/d\/e\/1FAIpQLSd3a94wT1AVqJRrGVDJ9-Z6zFR9YrUfdnm-IF0rubfjqXuvag\/viewform?vc=0&amp;c=0&amp;w=1&amp;flr=0<\/a><\/div>\n<!-- AddThis Advanced Settings generic via filter on the_content --><!-- AddThis Share Buttons generic via filter on the_content -->","protected":false},"excerpt":{"rendered":"<p>Nesta quarta-feira (14\/12), o Sinpes realizou Assembleia Geral Virtual com professores e professoras da Universidade Tuiuti do Paran\u00e1. No evento foram discutidos e esclarecidos diversos aspectos de Acordo Coletivo de Trabalho negociado entre o Sinpes Tuiuti. O Acordo volta-se para o fracionamento do pagamento da gratifica\u00e7\u00e3o de f\u00e9rias e do abono convencional, assim como do [&hellip;]<!-- AddThis Advanced Settings generic via filter on wp_trim_excerpt --><!-- AddThis Share Buttons generic via filter on wp_trim_excerpt --><\/p>\n","protected":false},"author":3,"featured_media":0,"comment_status":"closed","ping_status":"open","sticky":false,"template":"","format":"standard","meta":{"footnotes":""},"categories":[7,478,18,12],"tags":[39,621,613,611,174,538,808],"class_list":["post-4163","post","type-post","status-publish","format-standard","hentry","category-arquivo-de-noticias","category-coronavirus-e-direitos-dos-professores","category-destaque","category-tuiuti","tag-acordo","tag-acordo-tuiuti","tag-assembleia-tuiuti","tag-professores-da-tuiuti","tag-tuiuti","tag-votacao","tag-votacao-tuiuti"],"_links":{"self":[{"href":"https:\/\/sinpes.org.br\/site\/wp-json\/wp\/v2\/posts\/4163","targetHints":{"allow":["GET"]}}],"collection":[{"href":"https:\/\/sinpes.org.br\/site\/wp-json\/wp\/v2\/posts"}],"about":[{"href":"https:\/\/sinpes.org.br\/site\/wp-json\/wp\/v2\/types\/post"}],"author":[{"embeddable":true,"href":"https:\/\/sinpes.org.br\/site\/wp-json\/wp\/v2\/users\/3"}],"replies":[{"embeddable":true,"href":"https:\/\/sinpes.org.br\/site\/wp-json\/wp\/v2\/comments?post=4163"}],"version-history":[{"count":1,"href":"https:\/\/sinpes.org.br\/site\/wp-json\/wp\/v2\/posts\/4163\/revisions"}],"predecessor-version":[{"id":4164,"href":"https:\/\/sinpes.org.br\/site\/wp-json\/wp\/v2\/posts\/4163\/revisions\/4164"}],"wp:attachment":[{"href":"https:\/\/sinpes.org.br\/site\/wp-json\/wp\/v2\/media?parent=4163"}],"wp:term":[{"taxonomy":"category","embeddable":true,"href":"https:\/\/sinpes.org.br\/site\/wp-json\/wp\/v2\/categories?post=4163"},{"taxonomy":"post_tag","embeddable":true,"href":"https:\/\/sinpes.org.br\/site\/wp-json\/wp\/v2\/tags?post=4163"}],"curies":[{"name":"wp","href":"https:\/\/api.w.org\/{rel}","templated":true}]}}