{"id":4161,"date":"2022-12-14T12:19:44","date_gmt":"2022-12-14T15:19:44","guid":{"rendered":"https:\/\/sinpes.org.br\/site\/?p=4161"},"modified":"2022-12-14T12:19:44","modified_gmt":"2022-12-14T15:19:44","slug":"votacao-da-assembleia-dos-professores-e-professoras-da-pucpr","status":"publish","type":"post","link":"https:\/\/sinpes.org.br\/site\/votacao-da-assembleia-dos-professores-e-professoras-da-pucpr\/","title":{"rendered":"Vota\u00e7\u00e3o da Assembleia dos professores e professoras da PUCPR"},"content":{"rendered":"<div dir=\"auto\">Nesta quarta-feira (14\/12), o Sinpes realiza Assembleia Geral Virtual com professores e professoras da PUC-PR (atuais e antigos que n\u00e3o t\u00eam a\u00e7\u00f5es judiciais pendentes nem celebraram acordo com quita\u00e7\u00e3o do contrato de trabalho).<\/div>\n<div dir=\"auto\">No evento s\u00e3o discutidos os diversos pontos do Acordo Coletivo de Trabalho entabulado entre PUC e Sinpes com o objetivo de pacificar parcialmente os lit\u00edgios trabalhistas ainda pendentes de julgamento perante a Justi\u00e7a do Trabalho. Ap\u00f3s debate acerca da pertin\u00eancia da celebra\u00e7\u00e3o do Acordo Coletivo de Trabalho entabulado entre as partes, dos diversos aspectos do ajuste e dos seus efeitos no contrato de trabalho de cada um dos interessados, os docentes t\u00eam at\u00e9 as 23h59 desta quarta-feira 14\/12\/2022 para votar se aprovam ou n\u00e3o o acordo. A vota\u00e7\u00e3o se dar\u00e1 por meio do link:<\/div>\n<div dir=\"auto\"><\/div>\n<div dir=\"auto\"><a href=\"https:\/\/docs.google.com\/forms\/d\/e\/1FAIpQLSfL4uZvzKTpRS0noSIXcyXjJWwDBC-1nhmT3xMT0UwY4JZx4A\/viewform?vc=0&amp;c=0&amp;w=1&amp;flr=0&amp;fbclid=IwAR38PnCpukb16DQgesHT60FYZjVsBECFn7x_zE-8-Kyg67_8zorZeeFNiQA\">https:\/\/docs.google.com\/forms\/d\/e\/1FAIpQLSfL4uZvzKTpRS0noSIXcyXjJWwDBC-1nhmT3xMT0UwY4JZx4A\/viewform?vc=0&amp;c=0&amp;w=1&amp;flr=0&amp;fbclid=IwAR38PnCpukb16DQgesHT60FYZjVsBECFn7x_zE-8-Kyg67_8zorZeeFNiQA<\/a><\/div>\n<!-- AddThis Advanced Settings generic via filter on the_content --><!-- AddThis Share Buttons generic via filter on the_content -->","protected":false},"excerpt":{"rendered":"<p>Nesta quarta-feira (14\/12), o Sinpes realiza Assembleia Geral Virtual com professores e professoras da PUC-PR (atuais e antigos que n\u00e3o t\u00eam a\u00e7\u00f5es judiciais pendentes nem celebraram acordo com quita\u00e7\u00e3o do contrato de trabalho). No evento s\u00e3o discutidos os diversos pontos do Acordo Coletivo de Trabalho entabulado entre PUC e Sinpes com o objetivo de pacificar [&hellip;]<!-- AddThis Advanced Settings generic via filter on wp_trim_excerpt --><!-- AddThis Share Buttons generic via filter on wp_trim_excerpt --><\/p>\n","protected":false},"author":3,"featured_media":0,"comment_status":"closed","ping_status":"open","sticky":false,"template":"","format":"standard","meta":{"footnotes":""},"categories":[7,478,18,13,2],"tags":[305,635,61,538,851],"class_list":["post-4161","post","type-post","status-publish","format-standard","hentry","category-arquivo-de-noticias","category-coronavirus-e-direitos-dos-professores","category-destaque","category-home","category-puc","tag-assembleia","tag-professores-da-puc","tag-puc","tag-votacao","tag-votacao-da-puc"],"_links":{"self":[{"href":"https:\/\/sinpes.org.br\/site\/wp-json\/wp\/v2\/posts\/4161","targetHints":{"allow":["GET"]}}],"collection":[{"href":"https:\/\/sinpes.org.br\/site\/wp-json\/wp\/v2\/posts"}],"about":[{"href":"https:\/\/sinpes.org.br\/site\/wp-json\/wp\/v2\/types\/post"}],"author":[{"embeddable":true,"href":"https:\/\/sinpes.org.br\/site\/wp-json\/wp\/v2\/users\/3"}],"replies":[{"embeddable":true,"href":"https:\/\/sinpes.org.br\/site\/wp-json\/wp\/v2\/comments?post=4161"}],"version-history":[{"count":1,"href":"https:\/\/sinpes.org.br\/site\/wp-json\/wp\/v2\/posts\/4161\/revisions"}],"predecessor-version":[{"id":4162,"href":"https:\/\/sinpes.org.br\/site\/wp-json\/wp\/v2\/posts\/4161\/revisions\/4162"}],"wp:attachment":[{"href":"https:\/\/sinpes.org.br\/site\/wp-json\/wp\/v2\/media?parent=4161"}],"wp:term":[{"taxonomy":"category","embeddable":true,"href":"https:\/\/sinpes.org.br\/site\/wp-json\/wp\/v2\/categories?post=4161"},{"taxonomy":"post_tag","embeddable":true,"href":"https:\/\/sinpes.org.br\/site\/wp-json\/wp\/v2\/tags?post=4161"}],"curies":[{"name":"wp","href":"https:\/\/api.w.org\/{rel}","templated":true}]}}