{"id":4158,"date":"2022-12-13T10:14:37","date_gmt":"2022-12-13T13:14:37","guid":{"rendered":"https:\/\/sinpes.org.br\/site\/?p=4158"},"modified":"2022-12-13T10:14:37","modified_gmt":"2022-12-13T13:14:37","slug":"chamada-assembleia-geral-professores-as-da-universidade-tuiuti-do-parana","status":"publish","type":"post","link":"https:\/\/sinpes.org.br\/site\/chamada-assembleia-geral-professores-as-da-universidade-tuiuti-do-parana\/","title":{"rendered":"Chamada Assembleia Geral professores\/as da Universidade Tuiuti do Paran\u00e1"},"content":{"rendered":"<p>A Tuiuti pediu a colabora\u00e7\u00e3o do Sinpes e de seus docentes para firmar acordo que determina, entre outros, que os professores\/as gozar\u00e3o suas f\u00e9rias do per\u00edodo 2022\/2023 entre 02.01.2023 e 31\/01\/2023, recebendo-as por ocasi\u00e3o do quinto dia \u00fatil de fevereiro de 2023, ficando a empregadora dispensada do adiantamento do pagamento das f\u00e9rias e da gratifica\u00e7\u00e3o de f\u00e9rias de que trata o artigo 145 da CLT.<\/p>\n<p>Assim, o presidente do Sinpes, professor Valdyr Perrini, convoca os professores\/as da Tuiuti para Assembleia Virtual na pr\u00f3xima quarta-feira (14\/12) \u00e0s 17 h para discuss\u00e3o da proposta de acordo.<\/p>\n<p>Link da Assembleia: <a href=\"https:\/\/us06web.zoom.us\/j\/82661928186?pwd=OXlkM1l4ZXdVT2J6Z0hNNG5Ib3NDUT09\">https:\/\/us06web.zoom.us\/j\/82661928186?pwd=OXlkM1l4ZXdVT2J6Z0hNNG5Ib3NDUT09<\/a><\/p>\n<p><strong>ID da reuni\u00e3o:<\/strong>\u00a0826 6192 8186<\/p>\n<p><strong>Senha de acesso:<\/strong>\u00a0577588<\/p>\n<div class=\"epyt-video-wrapper\"><iframe loading=\"lazy\"  style=\"display: block; margin: 0px auto;\"  id=\"_ytid_70015\"  width=\"480\" height=\"360\"  data-origwidth=\"480\" data-origheight=\"360\" src=\"https:\/\/www.youtube.com\/embed\/9O0dAcREWnk?enablejsapi=1&#038;autoplay=1&#038;cc_load_policy=0&#038;cc_lang_pref=&#038;iv_load_policy=1&#038;loop=0&#038;rel=1&#038;fs=1&#038;playsinline=0&#038;autohide=2&#038;theme=dark&#038;color=red&#038;controls=1&#038;disablekb=0&#038;\" class=\"__youtube_prefs__  epyt-is-override  no-lazyload\" title=\"YouTube player\"  allow=\"fullscreen; accelerometer; autoplay; clipboard-write; encrypted-media; gyroscope; picture-in-picture; web-share\" referrerpolicy=\"strict-origin-when-cross-origin\" allowfullscreen data-no-lazy=\"1\" data-skipgform_ajax_framebjll=\"\"><\/iframe><\/div>\n<!-- AddThis Advanced Settings generic via filter on the_content --><!-- AddThis Share Buttons generic via filter on the_content -->","protected":false},"excerpt":{"rendered":"<p>A Tuiuti pediu a colabora\u00e7\u00e3o do Sinpes e de seus docentes para firmar acordo que determina, entre outros, que os professores\/as gozar\u00e3o suas f\u00e9rias do per\u00edodo 2022\/2023 entre 02.01.2023 e 31\/01\/2023, recebendo-as por ocasi\u00e3o do quinto dia \u00fatil de fevereiro de 2023, ficando a empregadora dispensada do adiantamento do pagamento das f\u00e9rias e da gratifica\u00e7\u00e3o [&hellip;]<!-- AddThis Advanced Settings generic via filter on wp_trim_excerpt --><!-- AddThis Share Buttons generic via filter on wp_trim_excerpt --><\/p>\n","protected":false},"author":3,"featured_media":0,"comment_status":"closed","ping_status":"open","sticky":false,"template":"","format":"standard","meta":{"footnotes":""},"categories":[7,478,18,12],"tags":[850,611,174,315],"class_list":["post-4158","post","type-post","status-publish","format-standard","hentry","category-arquivo-de-noticias","category-coronavirus-e-direitos-dos-professores","category-destaque","category-tuiuti","tag-assembleia-da-tuiuti","tag-professores-da-tuiuti","tag-tuiuti","tag-universidade-tuiuti"],"_links":{"self":[{"href":"https:\/\/sinpes.org.br\/site\/wp-json\/wp\/v2\/posts\/4158","targetHints":{"allow":["GET"]}}],"collection":[{"href":"https:\/\/sinpes.org.br\/site\/wp-json\/wp\/v2\/posts"}],"about":[{"href":"https:\/\/sinpes.org.br\/site\/wp-json\/wp\/v2\/types\/post"}],"author":[{"embeddable":true,"href":"https:\/\/sinpes.org.br\/site\/wp-json\/wp\/v2\/users\/3"}],"replies":[{"embeddable":true,"href":"https:\/\/sinpes.org.br\/site\/wp-json\/wp\/v2\/comments?post=4158"}],"version-history":[{"count":1,"href":"https:\/\/sinpes.org.br\/site\/wp-json\/wp\/v2\/posts\/4158\/revisions"}],"predecessor-version":[{"id":4159,"href":"https:\/\/sinpes.org.br\/site\/wp-json\/wp\/v2\/posts\/4158\/revisions\/4159"}],"wp:attachment":[{"href":"https:\/\/sinpes.org.br\/site\/wp-json\/wp\/v2\/media?parent=4158"}],"wp:term":[{"taxonomy":"category","embeddable":true,"href":"https:\/\/sinpes.org.br\/site\/wp-json\/wp\/v2\/categories?post=4158"},{"taxonomy":"post_tag","embeddable":true,"href":"https:\/\/sinpes.org.br\/site\/wp-json\/wp\/v2\/tags?post=4158"}],"curies":[{"name":"wp","href":"https:\/\/api.w.org\/{rel}","templated":true}]}}