{"id":4156,"date":"2022-12-13T09:35:19","date_gmt":"2022-12-13T12:35:19","guid":{"rendered":"https:\/\/sinpes.org.br\/site\/?p=4156"},"modified":"2022-12-13T09:35:19","modified_gmt":"2022-12-13T12:35:19","slug":"presidente-do-sinpes-convoca-professores-as-da-puc-para-assembleia-geral","status":"publish","type":"post","link":"https:\/\/sinpes.org.br\/site\/presidente-do-sinpes-convoca-professores-as-da-puc-para-assembleia-geral\/","title":{"rendered":"Presidente do Sinpes convoca professores\/as da PUC para Assembleia Geral"},"content":{"rendered":"<p>O presidente do Sinpes, professor Valdyr Perrini, convoca professores e professoras da PUC-PR para Assembleia Geral nesta quarta-feira (14) \u00e0s 10h30. Na pauta a discuss\u00e3o sobre a pertin\u00eancia da celebra\u00e7\u00e3o do Acordo Coletivo de Trabalho entabulado entre PUC e SINPES, assim como entender os diversos aspectos do ajuste e os efeitos dele no contrato de trabalho de cada um dos interessados.<br \/>\n<strong>Link da Assembleia:<\/strong>\u00a0<a href=\"https:\/\/us06web.zoom.us\/j\/86071860025?pwd=aVpPWjhkZ3dMUzRiVU5wQVU1b013UT09\">https:\/\/us06web.zoom.us\/j\/86071860025?pwd=aVpPWjhkZ3dMUzRiVU5wQVU1b013UT09<\/a><br \/>\n<strong>ID da reuni\u00e3o:<\/strong> 860 7186 0025<br \/>\n<strong>Senha de acesso:<\/strong> 477202<\/p>\n<div class=\"epyt-video-wrapper\"><iframe loading=\"lazy\"  style=\"display: block; margin: 0px auto;\"  id=\"_ytid_68495\"  width=\"480\" height=\"360\"  data-origwidth=\"480\" data-origheight=\"360\" src=\"https:\/\/www.youtube.com\/embed\/kcLY9SK3pjM?enablejsapi=1&#038;autoplay=1&#038;cc_load_policy=0&#038;cc_lang_pref=&#038;iv_load_policy=1&#038;loop=0&#038;rel=1&#038;fs=1&#038;playsinline=0&#038;autohide=2&#038;theme=dark&#038;color=red&#038;controls=1&#038;disablekb=0&#038;\" class=\"__youtube_prefs__  epyt-is-override  no-lazyload\" title=\"YouTube player\"  allow=\"fullscreen; accelerometer; autoplay; clipboard-write; encrypted-media; gyroscope; picture-in-picture; web-share\" referrerpolicy=\"strict-origin-when-cross-origin\" allowfullscreen data-no-lazy=\"1\" data-skipgform_ajax_framebjll=\"\"><\/iframe><\/div>\n<!-- AddThis Advanced Settings generic via filter on the_content --><!-- AddThis Share Buttons generic via filter on the_content -->","protected":false},"excerpt":{"rendered":"<p>O presidente do Sinpes, professor Valdyr Perrini, convoca professores e professoras da PUC-PR para Assembleia Geral nesta quarta-feira (14) \u00e0s 10h30. Na pauta a discuss\u00e3o sobre a pertin\u00eancia da celebra\u00e7\u00e3o do Acordo Coletivo de Trabalho entabulado entre PUC e SINPES, assim como entender os diversos aspectos do ajuste e os efeitos dele no contrato de [&hellip;]<!-- AddThis Advanced Settings generic via filter on wp_trim_excerpt --><!-- AddThis Share Buttons generic via filter on wp_trim_excerpt --><\/p>\n","protected":false},"author":3,"featured_media":0,"comment_status":"closed","ping_status":"open","sticky":false,"template":"","format":"standard","meta":{"footnotes":""},"categories":[7,478,18,2,479],"tags":[23,849,635,61],"class_list":["post-4156","post","type-post","status-publish","format-standard","hentry","category-arquivo-de-noticias","category-coronavirus-e-direitos-dos-professores","category-destaque","category-puc","category-videos","tag-acordo-coletivo","tag-assembleia-da-puc","tag-professores-da-puc","tag-puc"],"_links":{"self":[{"href":"https:\/\/sinpes.org.br\/site\/wp-json\/wp\/v2\/posts\/4156","targetHints":{"allow":["GET"]}}],"collection":[{"href":"https:\/\/sinpes.org.br\/site\/wp-json\/wp\/v2\/posts"}],"about":[{"href":"https:\/\/sinpes.org.br\/site\/wp-json\/wp\/v2\/types\/post"}],"author":[{"embeddable":true,"href":"https:\/\/sinpes.org.br\/site\/wp-json\/wp\/v2\/users\/3"}],"replies":[{"embeddable":true,"href":"https:\/\/sinpes.org.br\/site\/wp-json\/wp\/v2\/comments?post=4156"}],"version-history":[{"count":1,"href":"https:\/\/sinpes.org.br\/site\/wp-json\/wp\/v2\/posts\/4156\/revisions"}],"predecessor-version":[{"id":4157,"href":"https:\/\/sinpes.org.br\/site\/wp-json\/wp\/v2\/posts\/4156\/revisions\/4157"}],"wp:attachment":[{"href":"https:\/\/sinpes.org.br\/site\/wp-json\/wp\/v2\/media?parent=4156"}],"wp:term":[{"taxonomy":"category","embeddable":true,"href":"https:\/\/sinpes.org.br\/site\/wp-json\/wp\/v2\/categories?post=4156"},{"taxonomy":"post_tag","embeddable":true,"href":"https:\/\/sinpes.org.br\/site\/wp-json\/wp\/v2\/tags?post=4156"}],"curies":[{"name":"wp","href":"https:\/\/api.w.org\/{rel}","templated":true}]}}