{"id":4131,"date":"2022-11-28T17:58:06","date_gmt":"2022-11-28T20:58:06","guid":{"rendered":"https:\/\/sinpes.org.br\/site\/?p=4131"},"modified":"2022-11-28T17:58:06","modified_gmt":"2022-11-28T20:58:06","slug":"votacao-reajuste-salarial-da-categoria-assembleia-geral-do-sinpes-28-11-2022","status":"publish","type":"post","link":"https:\/\/sinpes.org.br\/site\/votacao-reajuste-salarial-da-categoria-assembleia-geral-do-sinpes-28-11-2022\/","title":{"rendered":"Vota\u00e7\u00e3o reajuste salarial da categoria &#8211; Assembleia Geral do Sinpes 28\/11\/2022"},"content":{"rendered":"<p><strong>28\/11\/2022<\/strong><\/p>\n<p>O Sinpes convoca professores e professoras para votar na proposta de reajuste salarial apresentada em Assembleia nesta segunda-feira 28\/11\/2022.<br \/>\nA vota\u00e7\u00e3o segue at\u00e9 \u00e0s 23h59 desta ter\u00e7a-feira 29\/11\/2022 por meio do link:<\/p>\n<p><a href=\"https:\/\/docs.google.com\/forms\/d\/e\/1FAIpQLSe4phuy_3Uy_GJqzeUpkg8As5-KeFDo9Lg_CP9-M7UB4cKGcw\/viewform?vc=0&amp;c=0&amp;w=1&amp;flr=0\">https:\/\/docs.google.com\/forms\/d\/e\/1FAIpQLSe4phuy_3Uy_GJqzeUpkg8As5-KeFDo9Lg_CP9-M7UB4cKGcw\/viewform?vc=0&amp;c=0&amp;w=1&amp;flr=0<\/a><\/p>\n<!-- AddThis Advanced Settings generic via filter on the_content --><!-- AddThis Share Buttons generic via filter on the_content -->","protected":false},"excerpt":{"rendered":"<p>28\/11\/2022 O Sinpes convoca professores e professoras para votar na proposta de reajuste salarial apresentada em Assembleia nesta segunda-feira 28\/11\/2022. A vota\u00e7\u00e3o segue at\u00e9 \u00e0s 23h59 desta ter\u00e7a-feira 29\/11\/2022 por meio do link: https:\/\/docs.google.com\/forms\/d\/e\/1FAIpQLSe4phuy_3Uy_GJqzeUpkg8As5-KeFDo9Lg_CP9-M7UB4cKGcw\/viewform?vc=0&amp;c=0&amp;w=1&amp;flr=0<!-- AddThis Advanced Settings generic via filter on wp_trim_excerpt --><!-- AddThis Share Buttons generic via filter on wp_trim_excerpt --><\/p>\n","protected":false},"author":3,"featured_media":0,"comment_status":"closed","ping_status":"open","sticky":false,"template":"","format":"standard","meta":{"footnotes":""},"categories":[7,478,18,13],"tags":[305,331,71,68,62,538],"class_list":["post-4131","post","type-post","status-publish","format-standard","hentry","category-arquivo-de-noticias","category-coronavirus-e-direitos-dos-professores","category-destaque","category-home","tag-assembleia","tag-cct","tag-reajuste-salarial","tag-sinepe","tag-sinpes","tag-votacao"],"_links":{"self":[{"href":"https:\/\/sinpes.org.br\/site\/wp-json\/wp\/v2\/posts\/4131","targetHints":{"allow":["GET"]}}],"collection":[{"href":"https:\/\/sinpes.org.br\/site\/wp-json\/wp\/v2\/posts"}],"about":[{"href":"https:\/\/sinpes.org.br\/site\/wp-json\/wp\/v2\/types\/post"}],"author":[{"embeddable":true,"href":"https:\/\/sinpes.org.br\/site\/wp-json\/wp\/v2\/users\/3"}],"replies":[{"embeddable":true,"href":"https:\/\/sinpes.org.br\/site\/wp-json\/wp\/v2\/comments?post=4131"}],"version-history":[{"count":1,"href":"https:\/\/sinpes.org.br\/site\/wp-json\/wp\/v2\/posts\/4131\/revisions"}],"predecessor-version":[{"id":4132,"href":"https:\/\/sinpes.org.br\/site\/wp-json\/wp\/v2\/posts\/4131\/revisions\/4132"}],"wp:attachment":[{"href":"https:\/\/sinpes.org.br\/site\/wp-json\/wp\/v2\/media?parent=4131"}],"wp:term":[{"taxonomy":"category","embeddable":true,"href":"https:\/\/sinpes.org.br\/site\/wp-json\/wp\/v2\/categories?post=4131"},{"taxonomy":"post_tag","embeddable":true,"href":"https:\/\/sinpes.org.br\/site\/wp-json\/wp\/v2\/tags?post=4131"}],"curies":[{"name":"wp","href":"https:\/\/api.w.org\/{rel}","templated":true}]}}