{"id":4120,"date":"2022-11-08T14:10:42","date_gmt":"2022-11-08T17:10:42","guid":{"rendered":"https:\/\/sinpes.org.br\/site\/?p=4120"},"modified":"2022-11-08T14:10:42","modified_gmt":"2022-11-08T17:10:42","slug":"nota-de-repudio-aos-atos-de-violencia-pos-eleicao-nos-colegios-de-curitiba","status":"publish","type":"post","link":"https:\/\/sinpes.org.br\/site\/nota-de-repudio-aos-atos-de-violencia-pos-eleicao-nos-colegios-de-curitiba\/","title":{"rendered":"Nota de rep\u00fadio aos atos de viol\u00eancia p\u00f3s-elei\u00e7\u00e3o nos col\u00e9gios de Curitiba"},"content":{"rendered":"<p>O Sindicato dos Professores do Ensino Superior de Curitiba e Regi\u00e3o Metropolitana \u2013 SINPES vem a p\u00fablico manifestar seu rep\u00fadio diante dos atos de intoler\u00e2ncia e viol\u00eancia observados em institui\u00e7\u00f5es de ensino de Curitiba depois das elei\u00e7\u00f5es do \u00faltimo dia 30\/10.<\/p>\n<p>Entre os epis\u00f3dios registrados, est\u00e1 o que aconteceu em um dos col\u00e9gios mais tradicionais de Curitiba. V\u00eddeos que circulam em redes sociais mostram centenas de estudantes do Col\u00e9gio Santa Maria, integrante da rede Marista de Col\u00e9gios, reunidos no p\u00e1tio da institui\u00e7\u00e3o no \u00faltimo dia 31\/11. Vestidos nas cores da bandeira nacional, eles cantaram o hino e gritaram palavras de apoio ao presidente Jair Bolsonaro (PL). Ao mesmo tempo, hostilizaram com palavras de baixo cal\u00e3o um pequeno grupo de alunos que se manifestava a favor do presidente eleito, Lula (PT). Pais revelaram que seus filhos foram agredidos com chutes e cuspes.<\/p>\n<p>Professores e professoras tamb\u00e9m foram v\u00edtimas da f\u00faria dos adolescentes que viraram as cadeiras e as costas a docentes considerados de \u201cesquerda\u201d durante as aulas, no dia seguinte \u00e0 elei\u00e7\u00e3o.<\/p>\n<p>Em nota \u00e0 imprensa, o col\u00e9gio disse que <em>&#8220;est\u00e1 atento aos movimentos e repudia quaisquer atitudes ou comportamentos que incitem todos os tipos de viol\u00eancia, seja ela simb\u00f3lica, verbal, psicol\u00f3gica ou f\u00edsica\u201d.<\/em><\/p>\n<p>Coincid\u00eancia ou n\u00e3o, por ocasi\u00e3o da campanha unificada entabulada pelo Sinpes e pelo Sinpropar para fixa\u00e7\u00e3o do reajuste salarial da CCT 2022\/2023 (ainda pendente no \u00e2mbito do Ensino Superior) no Col\u00e9gio Santa Maria, o caminh\u00e3o das entidades sindicais foi mal recebido. O Caminh\u00e3o de som, as reivindica\u00e7\u00f5es e as lideran\u00e7as sindicais foram vistos com simpatia pela grande maioria de alunos e pais de alunos das institui\u00e7\u00f5es de ensino superior, m\u00e9dio e fundamental de Curitiba e Regi\u00e3o Metropolitana. Entretanto, na frente desse estabelecimento de ensino marista alguns pais indignados atribu\u00edram ao ve\u00edculo das entidades sindicais a responsabilidade pelo congestionamento provocado por um sem\u00e1foro situado h\u00e1 anos na esquina da Rua Mateus Leme e agrediram com socos a lataria do caminh\u00e3o.<\/p>\n<p>Outro evento da mesma natureza aconteceu no Col\u00e9gio Positivo \u00c2ngelo Sampaio, onde alunos de verde e amarelo estenderam bandeiras do Brasil e gritaram <em>&#8220;Lula, ladr\u00e3o, seu lugar \u00e9 na pris\u00e3o&#8221;.<\/em><\/p>\n<p>De acordo com a dire\u00e7\u00e3o do Col\u00e9gio Bom Jesus, alguns alunos foram suspensos por pegar a toalha com estampa do PT de um colega e urinar nela.<\/p>\n<p>Al\u00e9m dos corredores dos col\u00e9gios particulares de Curitiba, os estudantes interagem em grupos de WhatsApp intitulados &#8220;Gera\u00e7\u00e3o Verde e Amarela&#8221;. <em>&#8220;Quem vai ser o her\u00f3i que vai matar o Lula [?]&#8221;,<\/em> escreveu um dos participantes<em>. &#8220;A 12 do meu pai chegou sexta-feira kkk<\/em>&#8220;, dizia uma mensagem. <em>&#8220;Vou atirar em feminista&#8221;<\/em>, afirmou outra.<\/p>\n<p>Em relatos tamb\u00e9m publicados nas redes sociais, pais disseram que foi necess\u00e1rio escoltar os filhos na sa\u00edda de outros col\u00e9gios da capital, porque havia protestos de estudantes bolsonaristas e alunos que declararam voto em Lula corriam risco de serem agredidos.<\/p>\n<p>O Sinpes lamenta que o clima de \u00f3dio, desrespeito e intoler\u00e2ncia tenha se instalado tamb\u00e9m no seio escolar. A demoniza\u00e7\u00e3o dos que pensam \u201cdiferente\u201d \u00e9 fruto de intenso trabalho dos grupos antidemocr\u00e1ticos que apoiam o atual presidente e pregam o desejo de morte e de exclus\u00e3o de estudantes, familiares e da maioria da sociedade que n\u00e3o comunga com suas convic\u00e7\u00f5es.<\/p>\n<p>Na vis\u00e3o do sindicato os Maristas, Franciscanos e o Col\u00e9gio Positivo deveriam aproveitar esses sinais de intoler\u00e2ncia para meditar sinceramente acerca da dist\u00e2ncia amaz\u00f4nica que vem se evidenciando entre a teoria e a pr\u00e1tica dos valores que dizem sustentar tanto no que se refere ao trato com os estudantes quanto com os professores!<\/p>\n<p>Al\u00e9m disso, os estabelecimentos de ensino em que se verificaram atos de intoler\u00e2ncia e viol\u00eancia precisam apurar e responsabilizar seus autores por atos de viol\u00eancia f\u00edsica e verbal.<\/p>\n<p>Um exemplo de puni\u00e7\u00e3o aconteceu no Col\u00e9gio Porto Seguro, na cidade de Valinhos, em S\u00e3o Paulo. L\u00e1, a dire\u00e7\u00e3o expulsou oito alunos que criaram um grupo no WhatsApp onde compartilhavam mensagens de cunho racista, homof\u00f3bico, gordof\u00f3bico e nazista. O grupo teria sido criado depois das elei\u00e7\u00f5es do dia 30.<\/p>\n<p>Para o Sinpes, \u00e9 inadmiss\u00edvel a conviv\u00eancia com atos de agress\u00e3o e viol\u00eancia, em especial, quanto tais atos e agress\u00f5es envolvem diretamente as institui\u00e7\u00f5es de ensino a quais devem educar para a liberdade, para a defesa da pluralidade e para o fortalecimento da democracia. Afinal, atos e comportamentos de viol\u00eancia servem apenas para ampliar a viol\u00eancia instalada no pa\u00eds &#8211; que se acirrou durante o pleito deste ano &#8211; e afrontar o estado democr\u00e1tico de direito que garantiu elei\u00e7\u00f5es limpas e justas nas quais a maioria dos eleitores p\u00f4de expressar sua vontade.<\/p>\n<p><strong>Diretoria do Sindicato dos Professores do Ensino Superior de Curitiba e Regi\u00e3o Metropolitana &#8211; SINPES\u00a0<\/strong><\/p>\n<!-- AddThis Advanced Settings generic via filter on the_content --><!-- AddThis Share Buttons generic via filter on the_content -->","protected":false},"excerpt":{"rendered":"<p>O Sindicato dos Professores do Ensino Superior de Curitiba e Regi\u00e3o Metropolitana \u2013 SINPES vem a p\u00fablico manifestar seu rep\u00fadio diante dos atos de intoler\u00e2ncia e viol\u00eancia observados em institui\u00e7\u00f5es de ensino de Curitiba depois das elei\u00e7\u00f5es do \u00faltimo dia 30\/10. Entre os epis\u00f3dios registrados, est\u00e1 o que aconteceu em um dos col\u00e9gios mais tradicionais [&hellip;]<!-- AddThis Advanced Settings generic via filter on wp_trim_excerpt --><!-- AddThis Share Buttons generic via filter on wp_trim_excerpt --><\/p>\n","protected":false},"author":3,"featured_media":0,"comment_status":"closed","ping_status":"open","sticky":false,"template":"","format":"standard","meta":{"footnotes":""},"categories":[7,18,13],"tags":[831,442,203,834,441,379,830],"class_list":["post-4120","post","type-post","status-publish","format-standard","hentry","category-arquivo-de-noticias","category-destaque","category-home","tag-ameaca","tag-democracia","tag-eleicoes","tag-eleicoes-2022","tag-golpe","tag-nota-de-repudio","tag-violencia"],"_links":{"self":[{"href":"https:\/\/sinpes.org.br\/site\/wp-json\/wp\/v2\/posts\/4120","targetHints":{"allow":["GET"]}}],"collection":[{"href":"https:\/\/sinpes.org.br\/site\/wp-json\/wp\/v2\/posts"}],"about":[{"href":"https:\/\/sinpes.org.br\/site\/wp-json\/wp\/v2\/types\/post"}],"author":[{"embeddable":true,"href":"https:\/\/sinpes.org.br\/site\/wp-json\/wp\/v2\/users\/3"}],"replies":[{"embeddable":true,"href":"https:\/\/sinpes.org.br\/site\/wp-json\/wp\/v2\/comments?post=4120"}],"version-history":[{"count":1,"href":"https:\/\/sinpes.org.br\/site\/wp-json\/wp\/v2\/posts\/4120\/revisions"}],"predecessor-version":[{"id":4121,"href":"https:\/\/sinpes.org.br\/site\/wp-json\/wp\/v2\/posts\/4120\/revisions\/4121"}],"wp:attachment":[{"href":"https:\/\/sinpes.org.br\/site\/wp-json\/wp\/v2\/media?parent=4120"}],"wp:term":[{"taxonomy":"category","embeddable":true,"href":"https:\/\/sinpes.org.br\/site\/wp-json\/wp\/v2\/categories?post=4120"},{"taxonomy":"post_tag","embeddable":true,"href":"https:\/\/sinpes.org.br\/site\/wp-json\/wp\/v2\/tags?post=4120"}],"curies":[{"name":"wp","href":"https:\/\/api.w.org\/{rel}","templated":true}]}}