{"id":4117,"date":"2022-11-08T09:08:34","date_gmt":"2022-11-08T12:08:34","guid":{"rendered":"https:\/\/sinpes.org.br\/site\/?p=4117"},"modified":"2022-11-08T09:08:34","modified_gmt":"2022-11-08T12:08:34","slug":"saiba-como-foi-a-assembleia-do-dia-27-10","status":"publish","type":"post","link":"https:\/\/sinpes.org.br\/site\/saiba-como-foi-a-assembleia-do-dia-27-10\/","title":{"rendered":"Saiba como foi a Assembleia do dia 27\/10"},"content":{"rendered":"<p>No \u00faltimo dia 27\/10 o Sinpes realizou nova Assembleia Geral Virtual para informar sobre o andamento das tratativas de acordo com o sindicato patronal, o Sinepe, na luta por um reajuste condigno \u00e0 categoria.<\/p>\n<p>No evento, o sindicato informou que a Assembleia anterior:<\/p>\n<p>&#8211; Rejeitou a proposta do Sinepe: reajuste de 10,79%, incidente sobre o sal\u00e1rio de mar\u00e7o de 2021 sem o abono de 6,22%, sendo 7% mediante reajuste no sal\u00e1rio e 3,79% na forma de abono com dura\u00e7\u00e3o at\u00e9 fevereiro de 2023;<\/p>\n<p>&#8211; Aprovou a proposta do Sinpes que pede reajuste salarial em mar\u00e7o de 2022 de 10,79%, incidente sobre o sal\u00e1rio de mar\u00e7o de 2021 com o abono de 6,22% na base de c\u00e1lculo e reajuste em mar\u00e7o de 2023 com \u00edndice equivalente \u00e0 infla\u00e7\u00e3o do per\u00edodo compreendido entre mar\u00e7o de 2022 e fevereiro de 2023;<\/p>\n<p>&#8211; Ratificou a estrat\u00e9gia de buscar imediata de celebra\u00e7\u00e3o de Acordos Coletivos de Trabalho com as institui\u00e7\u00f5es de ensino superior com o objetivo de buscar reajustes salariais condignos quebrando assim a estrutura monol\u00edtica de negocia\u00e7\u00e3o e de imposi\u00e7\u00e3o de arrocho salarial do Sinepe, sob pena de ajuizamento imediato de a\u00e7\u00f5es compensat\u00f3rias voltadas para obter o cumprimento da legisla\u00e7\u00e3o trabalhista;<\/p>\n<p>Amparado nessa \u00faltima delibera\u00e7\u00e3o, o Sinpes j\u00e1 encaminhou comunicado para as principais institui\u00e7\u00f5es de ensino destacando as mat\u00e9rias que ser\u00e3o objetos das a\u00e7\u00f5es porventura ajuizadas como compensa\u00e7\u00e3o a m\u00e9dio e longo prazo dos preju\u00edzos salariais que v\u00eam sendo impingidos aos professores.<\/p>\n<p>Por fim, o Sinpes ressaltou aos participantes que aguarda agora nova proposta de reajuste salarial do Sinepe ou das institui\u00e7\u00f5es de ensino superior em particular.<\/p>\n<p>Acompanhe o site do sindicato (<a href=\"http:\/\/www.sinpes.org.br\">www.sinpes.org.br<\/a>) e nossas redes sociais para saber todas as novidades sobre luta do Sinpes na busca por um reajuste real e condigno a professores e professoras do ensino superior privado.<\/p>\n<!-- AddThis Advanced Settings generic via filter on the_content --><!-- AddThis Share Buttons generic via filter on the_content -->","protected":false},"excerpt":{"rendered":"<p>No \u00faltimo dia 27\/10 o Sinpes realizou nova Assembleia Geral Virtual para informar sobre o andamento das tratativas de acordo com o sindicato patronal, o Sinepe, na luta por um reajuste condigno \u00e0 categoria. No evento, o sindicato informou que a Assembleia anterior: &#8211; Rejeitou a proposta do Sinepe: reajuste de 10,79%, incidente sobre o [&hellip;]<!-- AddThis Advanced Settings generic via filter on wp_trim_excerpt --><!-- AddThis Share Buttons generic via filter on wp_trim_excerpt --><\/p>\n","protected":false},"author":3,"featured_media":0,"comment_status":"closed","ping_status":"open","sticky":false,"template":"","format":"standard","meta":{"footnotes":""},"categories":[7,478,18,13],"tags":[305,60,825,761,71,371],"class_list":["post-4117","post","type-post","status-publish","format-standard","hentry","category-arquivo-de-noticias","category-coronavirus-e-direitos-dos-professores","category-destaque","category-home","tag-assembleia","tag-assembleia-geral","tag-campanha-salarial","tag-reajuste","tag-reajuste-salarial","tag-salarios"],"_links":{"self":[{"href":"https:\/\/sinpes.org.br\/site\/wp-json\/wp\/v2\/posts\/4117","targetHints":{"allow":["GET"]}}],"collection":[{"href":"https:\/\/sinpes.org.br\/site\/wp-json\/wp\/v2\/posts"}],"about":[{"href":"https:\/\/sinpes.org.br\/site\/wp-json\/wp\/v2\/types\/post"}],"author":[{"embeddable":true,"href":"https:\/\/sinpes.org.br\/site\/wp-json\/wp\/v2\/users\/3"}],"replies":[{"embeddable":true,"href":"https:\/\/sinpes.org.br\/site\/wp-json\/wp\/v2\/comments?post=4117"}],"version-history":[{"count":1,"href":"https:\/\/sinpes.org.br\/site\/wp-json\/wp\/v2\/posts\/4117\/revisions"}],"predecessor-version":[{"id":4118,"href":"https:\/\/sinpes.org.br\/site\/wp-json\/wp\/v2\/posts\/4117\/revisions\/4118"}],"wp:attachment":[{"href":"https:\/\/sinpes.org.br\/site\/wp-json\/wp\/v2\/media?parent=4117"}],"wp:term":[{"taxonomy":"category","embeddable":true,"href":"https:\/\/sinpes.org.br\/site\/wp-json\/wp\/v2\/categories?post=4117"},{"taxonomy":"post_tag","embeddable":true,"href":"https:\/\/sinpes.org.br\/site\/wp-json\/wp\/v2\/tags?post=4117"}],"curies":[{"name":"wp","href":"https:\/\/api.w.org\/{rel}","templated":true}]}}