{"id":4086,"date":"2022-10-07T14:11:19","date_gmt":"2022-10-07T17:11:19","guid":{"rendered":"https:\/\/sinpes.org.br\/site\/?p=4086"},"modified":"2022-10-07T14:11:19","modified_gmt":"2022-10-07T17:11:19","slug":"votacao-das-deliberacoes-da-assembleia-geral-do-sindicato-dos-professores-do-ensino-superior-de-curitiba-e-regiao-metropolitana","status":"publish","type":"post","link":"https:\/\/sinpes.org.br\/site\/votacao-das-deliberacoes-da-assembleia-geral-do-sindicato-dos-professores-do-ensino-superior-de-curitiba-e-regiao-metropolitana\/","title":{"rendered":"Vota\u00e7\u00e3o das delibera\u00e7\u00f5es da Assembleia Geral do Sindicato dos Professores do Ensino Superior de Curitiba e Regi\u00e3o Metropolitana"},"content":{"rendered":"<p>O Sindicato dos Professores do Ensino Superior de Curitiba e Regi\u00e3o Metropolitana \u2013 SINPES realizou, na tarde do dia 06\/10, nova Assembleia Geral com professores e professoras do ensino superior privado.<\/p>\n<p>Nela, foi apresentada a proposta de reajuste oferecida pelo Sindicato dos Estabelecimentos Particulares de Ensino do Estado do Paran\u00e1 (SINEPE), conforme item 01.<\/p>\n<p>Segundo o consenso da Diretoria e dos professores presentes ao evento que se manifestaram, embora melhorada em rela\u00e7\u00e3o \u00e0 proposta anterior, a sugest\u00e3o patronal ainda \u00e9 insuficiente.<\/p>\n<p>Primeiro porque n\u00e3o considera o abono de 6,22% recebido entre mar\u00e7o de 2021 e fevereiro de 2022, nem na base de c\u00e1lculo do futuro reajuste nem em futuro compromisso de reposi\u00e7\u00e3o.<\/p>\n<p>Segundo, porque potencializa o problema para o futuro ao criar novo abono de 3,79% aumentando inevitavelmente a dist\u00e2ncia entre o poder aquisitivo do sal\u00e1rio e o seu valor nominal (lembrando que abonos desaparecem e n\u00e3o s\u00e3o levados em conta por ocasi\u00e3o de recolhimento do FGTS nem de benef\u00edcios previdenci\u00e1rios).<\/p>\n<p>E frustra a pretens\u00e3o dos professores de recompor o preju\u00edzo advindo do abono de 6,22% a partir de mar\u00e7o de 2023 ao propor um reajuste fixo de 4,8%, certamente inferior \u00e0 infla\u00e7\u00e3o que ser\u00e1 galopante a partir do t\u00e9rmino do processo eleitoral (tanto que o SINEPE est\u00e1 anunciando um reajuste de 8,8% para as mensalidades escolares, bem mais realista em rela\u00e7\u00e3o \u00e0 infla\u00e7\u00e3o efetivamente acumulada)<\/p>\n<p>Por isso, a Diretoria do Sinpes insiste na necessidade de recomposi\u00e7\u00e3o integral da infla\u00e7\u00e3o no per\u00edodo compreendido entre mar\u00e7o de 2021 e fevereiro de 2023 (sem qualquer aumento real) e entende que o abono de 6,22% n\u00e3o pode evaporar, mas ser considerado na base de c\u00e1lculo do sal\u00e1rio devido a partir de mar\u00e7o de 2022 ou ao menos gradualmente absorvido no sal\u00e1rio entre mar\u00e7o de 2023 e fevereiro de 2024. E n\u00e3o quer mais saber de abonos emergenciais que s\u00f3 aumentam a defasagem entre o poder aquisitivo do sal\u00e1rio e sua express\u00e3o nominal.<\/p>\n<p>Agora, o Sinpes abre vota\u00e7\u00e3o para que docentes possam opinar entre a proposta patronal e a defendida pelo Sinpes. Caso ven\u00e7a a sugest\u00e3o do SINEPE, colocamos a viola e os preju\u00edzos no saco e aguardamos dias melhores.<\/p>\n<p>Caso a categoria votar pela proposta do Sinpes, ainda temos um longo caminho de press\u00e3o e persuas\u00e3o e voc\u00ea deve se debru\u00e7ar na an\u00e1lise das medidas persuasivas propostas, que passam pela tentativa de recomposi\u00e7\u00e3o dos preju\u00edzos mediante negocia\u00e7\u00e3o de acordos coletivos com as IES sob pena de ajuizamento de a\u00e7\u00f5es trabalhistas compensat\u00f3rias dos preju\u00edzos amargados.<\/p>\n<p>A vota\u00e7\u00e3o se estende at\u00e9 \u00e0s 23h59 do dia 14\/10.<\/p>\n<p>Vote neste link:\u00a0<a href=\"https:\/\/docs.google.com\/forms\/d\/e\/1FAIpQLSeUJIKWgornvIBxYxdT2Qhj3V0mzeGIdyY5fclOWCe5o3_Jhg\/viewform?vc=0&amp;c=0&amp;w=1&amp;flr=0\">https:\/\/docs.google.com\/forms\/d\/e\/1FAIpQLSeUJIKWgornvIBxYxdT2Qhj3V0mzeGIdyY5fclOWCe5o3_Jhg\/viewform?vc=0&amp;c=0&amp;w=1&amp;flr=0<\/a><\/p>\n<!-- AddThis Advanced Settings generic via filter on the_content --><!-- AddThis Share Buttons generic via filter on the_content -->","protected":false},"excerpt":{"rendered":"<p>O Sindicato dos Professores do Ensino Superior de Curitiba e Regi\u00e3o Metropolitana \u2013 SINPES realizou, na tarde do dia 06\/10, nova Assembleia Geral com professores e professoras do ensino superior privado. Nela, foi apresentada a proposta de reajuste oferecida pelo Sindicato dos Estabelecimentos Particulares de Ensino do Estado do Paran\u00e1 (SINEPE), conforme item 01. Segundo [&hellip;]<!-- AddThis Advanced Settings generic via filter on wp_trim_excerpt --><!-- AddThis Share Buttons generic via filter on wp_trim_excerpt --><\/p>\n","protected":false},"author":3,"featured_media":0,"comment_status":"closed","ping_status":"open","sticky":false,"template":"","format":"standard","meta":{"footnotes":""},"categories":[7,478,18,13],"tags":[305,825,331,839,58,538,840],"class_list":["post-4086","post","type-post","status-publish","format-standard","hentry","category-arquivo-de-noticias","category-coronavirus-e-direitos-dos-professores","category-destaque","category-home","tag-assembleia","tag-campanha-salarial","tag-cct","tag-resjuste","tag-salario","tag-votacao","tag-voto"],"_links":{"self":[{"href":"https:\/\/sinpes.org.br\/site\/wp-json\/wp\/v2\/posts\/4086","targetHints":{"allow":["GET"]}}],"collection":[{"href":"https:\/\/sinpes.org.br\/site\/wp-json\/wp\/v2\/posts"}],"about":[{"href":"https:\/\/sinpes.org.br\/site\/wp-json\/wp\/v2\/types\/post"}],"author":[{"embeddable":true,"href":"https:\/\/sinpes.org.br\/site\/wp-json\/wp\/v2\/users\/3"}],"replies":[{"embeddable":true,"href":"https:\/\/sinpes.org.br\/site\/wp-json\/wp\/v2\/comments?post=4086"}],"version-history":[{"count":1,"href":"https:\/\/sinpes.org.br\/site\/wp-json\/wp\/v2\/posts\/4086\/revisions"}],"predecessor-version":[{"id":4087,"href":"https:\/\/sinpes.org.br\/site\/wp-json\/wp\/v2\/posts\/4086\/revisions\/4087"}],"wp:attachment":[{"href":"https:\/\/sinpes.org.br\/site\/wp-json\/wp\/v2\/media?parent=4086"}],"wp:term":[{"taxonomy":"category","embeddable":true,"href":"https:\/\/sinpes.org.br\/site\/wp-json\/wp\/v2\/categories?post=4086"},{"taxonomy":"post_tag","embeddable":true,"href":"https:\/\/sinpes.org.br\/site\/wp-json\/wp\/v2\/tags?post=4086"}],"curies":[{"name":"wp","href":"https:\/\/api.w.org\/{rel}","templated":true}]}}